{"id":12746,"date":"2023-11-30T08:03:12","date_gmt":"2023-11-30T11:03:12","guid":{"rendered":"https:\/\/www.visionweb.com.ar\/?p=12746"},"modified":"2023-11-29T17:41:41","modified_gmt":"2023-11-29T20:41:41","slug":"intendentes-opositores-presionan-a-kicillof-para-garantizar-el-pago-de-aguinaldos-al-personal-municipal","status":"publish","type":"post","link":"https:\/\/www.visionweb.com.ar\/?p=12746","title":{"rendered":"Intendentes opositores presionan a Kicillof para garantizar el pago de aguinaldos al personal municipal"},"content":{"rendered":"<p><em><strong>En el marco de las negociaciones, este martes llegaron a La Plata los intendentes de Tres de Febrero, Diego Valenzuela, y de Rauch, Maximiliano Suescun, representantes del PRO y de la UCR respectivamente.<\/strong><\/em><!--more--><\/p>\n<p style=\"font-weight: 400;\"><strong><img loading=\"lazy\" decoding=\"async\" class=\"size-medium wp-image-4615 alignright\" src=\"https:\/\/www.visionweb.com.ar\/wp-content\/uploads\/2022\/02\/CASA-DE-GOBIERNO-PBA-300x195.png\" alt=\"\" width=\"300\" height=\"195\" srcset=\"https:\/\/www.visionweb.com.ar\/wp-content\/uploads\/2022\/02\/CASA-DE-GOBIERNO-PBA-300x195.png 300w, https:\/\/www.visionweb.com.ar\/wp-content\/uploads\/2022\/02\/CASA-DE-GOBIERNO-PBA-768x498.png 768w, https:\/\/www.visionweb.com.ar\/wp-content\/uploads\/2022\/02\/CASA-DE-GOBIERNO-PBA.png 800w\" sizes=\"auto, (max-width: 300px) 100vw, 300px\" \/>L<\/strong>uego de mantener un encuentro clave con los intendentes peronistas en la jornada del martes, Axel Kicillof contin\u00faa las negociaciones con los intendentes opositores para lograr la aprobaci\u00f3n del pedido de endeudamiento en la Legislatura bonaerense.<\/p>\n<p style=\"font-weight: 400;\">Los jefes comunales de Juntos por el Cambio garantizar\u00edan los dos tercios en ambas c\u00e1maras, sin embargo exigen un desembolso inmediato.<\/p>\n<p style=\"font-weight: 400;\">El Gobierno provincial trabaja a contrarreloj para que las negociaciones lleguen a buen puerto teniendo en cuenta que las sesiones para tratar el proyecto se celebrar\u00e1n este mi\u00e9rcoles en el Senado y el pr\u00f3ximo viernes en Diputados.<\/p>\n<p style=\"font-weight: 400;\">El pedido de los intendentes de la oposici\u00f3n es claro: que la plata est\u00e9 depositada antes de la votaci\u00f3n.<\/p>\n<p style=\"font-weight: 400;\">En el marco de las negociaciones, este martes llegaron a La Plata los intendentes de Tres de Febrero, Diego Valenzuela, y de Rauch, Maximiliano Suescun, representantes del PRO y de la UCR respectivamente.<\/p>\n<p style=\"font-weight: 400;\">Adem\u00e1s de dialogar con los jefes de bloque de la Legislatura bonaerense, se reunieron con Pablo L\u00f3pez, el ministro de Hacienda y Finanzas de la provincia de Buenos Aires.<\/p>\n<p style=\"font-weight: 400;\">\u201cTanto los intendentes radicales como los del PRO coincidimos en lo mismo, primero que est\u00e9 la plata y despu\u00e9s va a tener los dos tercios que necesita el gobernador\u201d, revel\u00f3 un intendente del Conurbano bonaerense en comunicaci\u00f3n con el portal Infocielo.<\/p>\n<p style=\"font-weight: 400;\">De acuerdo a lo que dejaron trascender algunos intendentes de JxC, existe un profundo malestar con algunas de las decisiones econ\u00f3micas que tom\u00f3 Sergio Massa en los \u00faltimos meses. <strong>\u201cEl problema lo genera Massa porque irresponsablemente saca Ganancias e IVA, que reduce la masa coparticipable y ahora se arm\u00f3 este l\u00edo\u201d<\/strong>, se\u00f1alaron.<\/p>\n<p style=\"font-weight: 400;\">Apenas dos d\u00edas despu\u00e9s del triunfo de Milei en el balotaje presidencial, Kicillof envi\u00f3 el proyecto a la Legislatura para tomar deuda en el mercado local<strong> por un monto equivalente a 150 millones de d\u00f3lar para \u201cfinanciar la ejecuci\u00f3n de proyectos y\/o programas sociales y\/o de inversi\u00f3n p\u00fablica actualmente en desarrollo o que se prevea iniciar\u201d.<\/strong><\/p>\n<p style=\"font-weight: 400;\">Esta iniciativa incluye la posibilidad de que los municipios de la provincia de Buenos Aires posterguen para el 2024 la devoluci\u00f3n de las deudas contra\u00eddas con el Gobierno provincial en concepto de los Fondos Especiales de \u201cEmergencia Sanitaria para la Contenci\u00f3n Fiscal Municipal\u201d y \u201cpara el pago de la suma fija a empleados municipales\u201d, sumas que hasta el momento deben abonarse antes de fin de a\u00f1o<strong>(VW)<\/strong>.<\/p>\n","protected":false},"excerpt":{"rendered":"<p>En el marco de las negociaciones, este martes llegaron a La Plata los intendentes de Tres de Febrero, Diego Valenzuela, y de Rauch, Maximiliano Suescun, representantes del PRO y de la UCR respectivamente.<\/p>\n","protected":false},"author":3,"featured_media":4615,"comment_status":"closed","ping_status":"closed","sticky":false,"template":"","format":"standard","meta":{"_monsterinsights_skip_tracking":false,"_monsterinsights_sitenote_active":false,"_monsterinsights_sitenote_note":"","_monsterinsights_sitenote_category":0,"footnotes":""},"categories":[4],"tags":[2342,4325,595,264],"class_list":["post-12746","post","type-post","status-publish","format-standard","has-post-thumbnail","hentry","category-politica","tag-aguinaldo","tag-endeudamiento","tag-gestion","tag-intendentes"],"_links":{"self":[{"href":"https:\/\/www.visionweb.com.ar\/index.php?rest_route=\/wp\/v2\/posts\/12746","targetHints":{"allow":["GET"]}}],"collection":[{"href":"https:\/\/www.visionweb.com.ar\/index.php?rest_route=\/wp\/v2\/posts"}],"about":[{"href":"https:\/\/www.visionweb.com.ar\/index.php?rest_route=\/wp\/v2\/types\/post"}],"author":[{"embeddable":true,"href":"https:\/\/www.visionweb.com.ar\/index.php?rest_route=\/wp\/v2\/users\/3"}],"replies":[{"embeddable":true,"href":"https:\/\/www.visionweb.com.ar\/index.php?rest_route=%2Fwp%2Fv2%2Fcomments&post=12746"}],"version-history":[{"count":1,"href":"https:\/\/www.visionweb.com.ar\/index.php?rest_route=\/wp\/v2\/posts\/12746\/revisions"}],"predecessor-version":[{"id":12747,"href":"https:\/\/www.visionweb.com.ar\/index.php?rest_route=\/wp\/v2\/posts\/12746\/revisions\/12747"}],"wp:featuredmedia":[{"embeddable":true,"href":"https:\/\/www.visionweb.com.ar\/index.php?rest_route=\/wp\/v2\/media\/4615"}],"wp:attachment":[{"href":"https:\/\/www.visionweb.com.ar\/index.php?rest_route=%2Fwp%2Fv2%2Fmedia&parent=12746"}],"wp:term":[{"taxonomy":"category","embeddable":true,"href":"https:\/\/www.visionweb.com.ar\/index.php?rest_route=%2Fwp%2Fv2%2Fcategories&post=12746"},{"taxonomy":"post_tag","embeddable":true,"href":"https:\/\/www.visionweb.com.ar\/index.php?rest_route=%2Fwp%2Fv2%2Ftags&post=12746"}],"curies":[{"name":"wp","href":"https:\/\/api.w.org\/{rel}","templated":true}]}}