{"id":12729,"date":"2023-11-29T09:56:34","date_gmt":"2023-11-29T12:56:34","guid":{"rendered":"https:\/\/www.visionweb.com.ar\/?p=12729"},"modified":"2023-11-29T09:56:34","modified_gmt":"2023-11-29T12:56:34","slug":"gobernadores-de-jxc-ratificaron-la-unidad-del-espacio","status":"publish","type":"post","link":"https:\/\/www.visionweb.com.ar\/?p=12729","title":{"rendered":"Gobernadores de JxC ratificaron la unidad del espacio"},"content":{"rendered":"<p><strong><em>En una tensa reuni\u00f3n, rechazaron la idea de un cogobierno con La Libertad Avanza. No hay ruptura por el momento, aunque la<\/em> <em>Coalici\u00f3n C\u00edvica no asisti\u00f3.<\/em><\/strong><!--more--><\/p>\n<p><strong><img loading=\"lazy\" decoding=\"async\" class=\"size-medium wp-image-12731 alignright\" src=\"https:\/\/www.visionweb.com.ar\/wp-content\/uploads\/2023\/11\/gobernadores-jxc-300x150.png\" alt=\"\" width=\"300\" height=\"150\" srcset=\"https:\/\/www.visionweb.com.ar\/wp-content\/uploads\/2023\/11\/gobernadores-jxc-300x150.png 300w, https:\/\/www.visionweb.com.ar\/wp-content\/uploads\/2023\/11\/gobernadores-jxc.png 719w\" sizes=\"auto, (max-width: 300px) 100vw, 300px\" \/>\u00a0 Gobernadores de Juntos por el Cambio (JXC) y legisladores nacionales <\/strong>se reunieron ayer con el objetivo de consensuar la estrategia de cara al pr\u00f3ximo <strong>gobierno de Javier Milei,<\/strong>\u00a0ratificaron la unidad del espacio, pidieron a los legisladores del espacio \u201cdeponer egos\u201d y rechazaron la idea de un cogobierno con La Libertad Avanza.<\/p>\n<p>As\u00ed, los mandatarios pidieron a los bloques del Congreso nacional mantenerse unidos para evitar que un sector mayoritario\u00a0<strong>del PRO deje Juntos por el Cambio y se sume a una nueva coalici\u00f3n junto a los libertarios.<\/strong><\/p>\n<p>Sin embargo, un escenario probable es el de una ruptura del PRO con Cristian Ritondo (quien se apunta como posible presidente de la C\u00e1mara baja)\u00a0<strong>llev\u00e1ndose cerca de 40 diputados nacionales a una alianza con La Libertad Avanza.<\/strong><\/p>\n<p>Tras la reuni\u00f3n, que tuvo lugar ayer en Club H\u00edpico Alem\u00e1n en el barrio porte\u00f1o de Palermo, los gobernadores emitieron un comunicado en el que marcaron que tanto ellos como los \u201clegisladores de Juntos por el Cambio, nos reunimos para ratificar que nuestra prioridad es reforzar la unidad y la continuidad del espacio\u201d.<\/p>\n<p>Los mandatarios resaltaron que no van a \u201ccogobernar\u201d con la administraci\u00f3n de Milei, aunque s\u00ed afirmaron que \u201ces bueno que algunos dirigentes que quieran ayudar lo hagan, porque es mejor un gobierno s\u00f3lido con buenos dirigentes, que un gobierno d\u00e9bil\u201d.<\/p>\n<p>Sin embargo, antes de que termine la ronda de exposiciones, muchos dirigentes comenzaron a abandonar el predio en se\u00f1al de protesta. Los legisladores radicales Facundo Manes, Jorge Rizzotti y Fernando Carbajal fueron de los primeros en irse. Se levantaron durante la intervenci\u00f3n de la diputada electa Silvana Giudici, quien cuestion\u00f3 la decisi\u00f3n de la mayor\u00eda de no cogobernar junto a LLA. Giudici responde al liderazgo de Patricia Bullrich.<\/p>\n<p>Los mandatarios provinciales hicieron foco en el documento que consensuaron la semana pasada durante la cumbre en la Casa de Mendoza. All\u00ed destacaron que no ser\u00e1n parte de la pr\u00f3xima administraci\u00f3n, pero que fortalecer\u00e1n la gobernabilidad.<\/p>\n<p>Cuando un sector determin\u00f3 que quien acepte un cargo en el gobierno ser\u00e1 \u201ca t\u00edtulo personal\u201d, y no como parte de JxC, la tensi\u00f3n subi\u00f3.<\/p>\n<p>La consigna incomod\u00f3 principalmente a Cristian Ritondo, que pretende ser el pr\u00f3ximo presidente de la C\u00e1mara de Diputados y quien apoy\u00f3 de manera expl\u00edcita al presidente electo Javier Milei. Por eso, una fuente que presenci\u00f3 la discusi\u00f3n destac\u00f3 que cuando el diputado nacional pidi\u00f3 la palabra record\u00f3 que el interbloque opositor vot\u00f3 varias veces dividido en los \u00faltimos cuatro a\u00f1os.<\/p>\n<p>En esta misma l\u00ednea se expres\u00f3 el alcalde porte\u00f1o electo Jorge Macri, quien destac\u00f3 que \u201cunidad no significa unanimidad\u201d. \u201cEsto requiere salir del confort de la unanimidad. Nadie tiene que irse, la propuesta es la unidad\u201d, sentenci\u00f3 durante su intervenci\u00f3n en el predio del barrio porte\u00f1o de Palermo.<\/p>\n<p>La Coalici\u00f3n C\u00edvica (CC), partido fundante de la alianza JxC, decidi\u00f3 no asistir. Seg\u00fan indicaron, fue por \u201cel desorden\u201d.<\/p>\n<p>En el texto formal, los gobernadores enfatizaron en cambio en que \u201cen el nuevo escenario pol\u00edtico el Congreso tiene un papel preponderante\u201d y que los legisladores deben \u201cdespojarse de cuestiones de ego, de nombres propios y pensar en una estrategia com\u00fan para garantizar lo m\u00e1s importante, que es la unidad\u201d.<\/p>\n<p>\u201cPero eso no nos compromete ni obliga como garantes\u201d, agrega el texto, en el que subrayan que \u201cla sociedad\u201d les asign\u00f3 el rol de \u201cacompa\u00f1amiento responsable a un gobierno nacional elegido por una mayor\u00eda\u201d.<\/p>\n<p>El comunicado fue firmado por los mandatarios electos y en ejercicio Jorge Macri (CABA), Alfredo Cornejo (Mendoza), Leandro Zdero (Chaco), Ignacio Torres (Chubut) Gustavo Vald\u00e9s (Corrientes), Rogelio Frigerio (Entre R\u00edos), Carlos Sadir (Jujuy), Claudio Poggi (San Luis) -quien no asisti\u00f3 a la reuni\u00f3n-, Marcelo Orrego (San Juan) y Maximiliano Pullaro (Santa Fe).<\/p>\n<p>Al terminar el encuentro en el que se elabor\u00f3 el texto, Jorge Macri, expres\u00f3 en declaraciones a la prensa que \u201clo m\u00e1s importante\u201d es \u201csostener y afianzar la unidad de JxC\u201d. \u201cEstamos unidos, vamos a gobernar de esa manera, vamos a defender la representatividad que tenemos con la gente que nos vot\u00f3\u201d, remarc\u00f3. <strong>(VW)<\/strong><\/p>\n","protected":false},"excerpt":{"rendered":"<p>En una tensa reuni\u00f3n, rechazaron la idea de un cogobierno con La Libertad Avanza. No hay ruptura por el momento, aunque la Coalici\u00f3n C\u00edvica no asisti\u00f3.<\/p>\n","protected":false},"author":4,"featured_media":12731,"comment_status":"closed","ping_status":"closed","sticky":false,"template":"","format":"standard","meta":{"_monsterinsights_skip_tracking":false,"_monsterinsights_sitenote_active":false,"_monsterinsights_sitenote_note":"","_monsterinsights_sitenote_category":0,"footnotes":""},"categories":[4],"tags":[5284,5285,621],"class_list":["post-12729","post","type-post","status-publish","format-standard","has-post-thumbnail","hentry","category-politica","tag-gobernadores-jxc","tag-no-al-cogobierno-con-lla","tag-reunion"],"_links":{"self":[{"href":"https:\/\/www.visionweb.com.ar\/index.php?rest_route=\/wp\/v2\/posts\/12729","targetHints":{"allow":["GET"]}}],"collection":[{"href":"https:\/\/www.visionweb.com.ar\/index.php?rest_route=\/wp\/v2\/posts"}],"about":[{"href":"https:\/\/www.visionweb.com.ar\/index.php?rest_route=\/wp\/v2\/types\/post"}],"author":[{"embeddable":true,"href":"https:\/\/www.visionweb.com.ar\/index.php?rest_route=\/wp\/v2\/users\/4"}],"replies":[{"embeddable":true,"href":"https:\/\/www.visionweb.com.ar\/index.php?rest_route=%2Fwp%2Fv2%2Fcomments&post=12729"}],"version-history":[{"count":1,"href":"https:\/\/www.visionweb.com.ar\/index.php?rest_route=\/wp\/v2\/posts\/12729\/revisions"}],"predecessor-version":[{"id":12732,"href":"https:\/\/www.visionweb.com.ar\/index.php?rest_route=\/wp\/v2\/posts\/12729\/revisions\/12732"}],"wp:featuredmedia":[{"embeddable":true,"href":"https:\/\/www.visionweb.com.ar\/index.php?rest_route=\/wp\/v2\/media\/12731"}],"wp:attachment":[{"href":"https:\/\/www.visionweb.com.ar\/index.php?rest_route=%2Fwp%2Fv2%2Fmedia&parent=12729"}],"wp:term":[{"taxonomy":"category","embeddable":true,"href":"https:\/\/www.visionweb.com.ar\/index.php?rest_route=%2Fwp%2Fv2%2Fcategories&post=12729"},{"taxonomy":"post_tag","embeddable":true,"href":"https:\/\/www.visionweb.com.ar\/index.php?rest_route=%2Fwp%2Fv2%2Ftags&post=12729"}],"curies":[{"name":"wp","href":"https:\/\/api.w.org\/{rel}","templated":true}]}}