{"id":12728,"date":"2023-11-29T10:00:43","date_gmt":"2023-11-29T13:00:43","guid":{"rendered":"https:\/\/www.visionweb.com.ar\/?p=12728"},"modified":"2023-11-29T10:00:43","modified_gmt":"2023-11-29T13:00:43","slug":"el-consejo-municipal-de-acumar-trabajo-en-la-extension-de-la-red-de-monitoreo-de-calidad-del-aire","status":"publish","type":"post","link":"https:\/\/www.visionweb.com.ar\/?p=12728","title":{"rendered":"El Consejo Municipal de ACUMAR trabaj\u00f3 en la extensi\u00f3n de la red de monitoreo de calidad del aire"},"content":{"rendered":"<p><em><strong>El encuentro fue encabezado por el director del Consejo Municipal, Santiago Pirolo, y la coordinadora Patricia \u00c1lvez.<\/strong><\/em><!--more--><\/p>\n<p><strong><img loading=\"lazy\" decoding=\"async\" class=\"size-medium wp-image-12730 alignright\" src=\"https:\/\/www.visionweb.com.ar\/wp-content\/uploads\/2023\/11\/Acumar-monitoreo-300x200.png\" alt=\"\" width=\"300\" height=\"200\" srcset=\"https:\/\/www.visionweb.com.ar\/wp-content\/uploads\/2023\/11\/Acumar-monitoreo-300x200.png 300w, https:\/\/www.visionweb.com.ar\/wp-content\/uploads\/2023\/11\/Acumar-monitoreo.png 640w\" sizes=\"auto, (max-width: 300px) 100vw, 300px\" \/>S<\/strong>e concret\u00f3\u00a0 una nueva reuni\u00f3n del Consejo Municipal de ACUMAR, con la participaci\u00f3n de representantes de las cinco jurisdicciones donde ser\u00e1n instaladas las microestaciones que miden de forma continua y autom\u00e1tica gases y part\u00edculas del aire para controlar y evitar contaminaci\u00f3n.<\/p>\n<p>En la nueva reuni\u00f3n de trabajo del Consejo Municipal de <strong>ACUMAR<\/strong>, se dieron a conocer\u00a0 a las jurisdicciones de <a href=\"https:\/\/www.almirantebrown.gov.ar\/\" target=\"_blank\" rel=\"noopener\">Almirante Brown<\/a>,\u00a0<a href=\"https:\/\/www.mda.gob.ar\/\" target=\"_blank\" rel=\"noopener\">Avellaneda<\/a>,\u00a0<a href=\"https:\/\/www.ezeiza.gob.ar\/ezeiza_municipio_principal.php\" target=\"_blank\" rel=\"noopener\">Ezeiza<\/a>,\u00a0<a href=\"https:\/\/www.estebanecheverria.gob.ar\/\" target=\"_blank\" rel=\"noopener\">Esteban Echeverr\u00eda<\/a>\u00a0y\u00a0<a href=\"https:\/\/www.lanus.gob.ar\/\" target=\"_blank\" rel=\"noopener\">Lan\u00fas<\/a>\u00a0las novedades acerca de la extensi\u00f3n de la Red de Monitoreo de Calidad del Aire del organismo, que incluye la instalaci\u00f3n de\u00a0<a href=\"https:\/\/www.acumar.gob.ar\/prensa\/incorporamos-cinco-microestaciones-monitoreo-ambiental\/\" target=\"_blank\" rel=\"noopener\">sensores autom\u00e1ticos<\/a>\u00a0en empresas, escuelas y centros de salud de estos municipios.<\/p>\n<p dir=\"auto\">Como parte de sus pol\u00edticas para monitorear \u00e1reas cr\u00edticas en materia de emisiones gaseosas en la Cuenca, el organismo adquiri\u00f3 cinco equipos de tecnolog\u00eda innovadora en el pa\u00eds, para la medici\u00f3n de distintos contaminantes en el aire, como mon\u00f3xido de carbono (CO), Ozono (O\u2083), di\u00f3xido de azufre (SO\u2082), Compuestos Org\u00e1nicos Vol\u00e1tiles (COVs), \u00e1cido sulfh\u00eddrico (H\u2082S), o di\u00f3xido de nitr\u00f3geno (NO\u2082), adem\u00e1s de material particulado en tres fracciones (PM1, PM2,5 Y PM10).<\/p>\n<p dir=\"auto\">\u201cLa implementaci\u00f3n de estas tecnolog\u00edas innovadoras est\u00e1 planificada y dise\u00f1ada como parte de un sistema que permite el control integral de \u00e1reas cr\u00edticas en materia de emisiones gaseosas, por lo que contar con estos equipos es clave para monitorear la calidad del aire para cuidar la salud de quienes habitan el territorio de la Cuenca\u201d, sostuvo Martin Sabatella, titular de ACUMAR.<\/p>\n<p dir=\"auto\">Estos equipos tambi\u00e9n permitir\u00e1n realizar alertas tempranas epidemiol\u00f3gicas, obtener mapas en tiempo real de estados de situaci\u00f3n y realizar monitoreos de contingencias ambientales. Asimismo, una novedosa ventaja que ofrecen por sus caracter\u00edsticas es que pueden ser f\u00e1cilmente trasladados a posibles nuevas \u00e1reas cr\u00edticas.<\/p>\n<p dir=\"auto\">El encuentro fue encabezado por el director del Consejo Municipal, Santiago Pirolo, y la coordinadora Patricia \u00c1lvez, y cont\u00f3 con la participaci\u00f3n del consejero directivo de\u00a0<strong>ACUMAR\u00a0<\/strong>por la Naci\u00f3n, Andr\u00e9s Carsen, y la coordinadora de Calidad Ambiental, Micaela Redlich<strong>(VW)<\/strong>.<\/p>\n<p>&nbsp;<\/p>\n","protected":false},"excerpt":{"rendered":"<p>El encuentro fue encabezado por el director del Consejo Municipal, Santiago Pirolo, y la coordinadora Patricia \u00c1lvez.<\/p>\n","protected":false},"author":3,"featured_media":12730,"comment_status":"closed","ping_status":"closed","sticky":false,"template":"","format":"standard","meta":{"_monsterinsights_skip_tracking":false,"_monsterinsights_sitenote_active":false,"_monsterinsights_sitenote_note":"","_monsterinsights_sitenote_category":0,"footnotes":""},"categories":[1822,5],"tags":[],"class_list":["post-12728","post","type-post","status-publish","format-standard","has-post-thumbnail","hentry","category-internacionales","category-sociedad"],"_links":{"self":[{"href":"https:\/\/www.visionweb.com.ar\/index.php?rest_route=\/wp\/v2\/posts\/12728","targetHints":{"allow":["GET"]}}],"collection":[{"href":"https:\/\/www.visionweb.com.ar\/index.php?rest_route=\/wp\/v2\/posts"}],"about":[{"href":"https:\/\/www.visionweb.com.ar\/index.php?rest_route=\/wp\/v2\/types\/post"}],"author":[{"embeddable":true,"href":"https:\/\/www.visionweb.com.ar\/index.php?rest_route=\/wp\/v2\/users\/3"}],"replies":[{"embeddable":true,"href":"https:\/\/www.visionweb.com.ar\/index.php?rest_route=%2Fwp%2Fv2%2Fcomments&post=12728"}],"version-history":[{"count":1,"href":"https:\/\/www.visionweb.com.ar\/index.php?rest_route=\/wp\/v2\/posts\/12728\/revisions"}],"predecessor-version":[{"id":12734,"href":"https:\/\/www.visionweb.com.ar\/index.php?rest_route=\/wp\/v2\/posts\/12728\/revisions\/12734"}],"wp:featuredmedia":[{"embeddable":true,"href":"https:\/\/www.visionweb.com.ar\/index.php?rest_route=\/wp\/v2\/media\/12730"}],"wp:attachment":[{"href":"https:\/\/www.visionweb.com.ar\/index.php?rest_route=%2Fwp%2Fv2%2Fmedia&parent=12728"}],"wp:term":[{"taxonomy":"category","embeddable":true,"href":"https:\/\/www.visionweb.com.ar\/index.php?rest_route=%2Fwp%2Fv2%2Fcategories&post=12728"},{"taxonomy":"post_tag","embeddable":true,"href":"https:\/\/www.visionweb.com.ar\/index.php?rest_route=%2Fwp%2Fv2%2Ftags&post=12728"}],"curies":[{"name":"wp","href":"https:\/\/api.w.org\/{rel}","templated":true}]}}