{"id":12725,"date":"2023-11-29T08:38:55","date_gmt":"2023-11-29T11:38:55","guid":{"rendered":"https:\/\/www.visionweb.com.ar\/?p=12725"},"modified":"2023-11-28T22:21:27","modified_gmt":"2023-11-29T01:21:27","slug":"kicillof-reunio-a-los-intendentes-oficialistas","status":"publish","type":"post","link":"https:\/\/www.visionweb.com.ar\/?p=12725","title":{"rendered":"Kicillof reuni\u00f3 a los intendentes oficialistas"},"content":{"rendered":"<p><em><strong>Les pidi\u00f3 \u00abeconom\u00eda de guerra\u00bb. Crece la preocupaci\u00f3n por una eventual restricci\u00f3n de la obra p\u00fablica. Los jefes comunales le pidieron al Gobernador conducir la oposici\u00f3n.<\/strong><\/em><!--more--><\/p>\n<div id=\"attachment_12726\" style=\"width: 310px\" class=\"wp-caption alignright\"><img loading=\"lazy\" decoding=\"async\" aria-describedby=\"caption-attachment-12726\" class=\"wp-image-12726 size-medium\" src=\"https:\/\/www.visionweb.com.ar\/wp-content\/uploads\/2023\/11\/INTENDENTES-1-300x200.png\" alt=\"\" width=\"300\" height=\"200\" srcset=\"https:\/\/www.visionweb.com.ar\/wp-content\/uploads\/2023\/11\/INTENDENTES-1-300x200.png 300w, https:\/\/www.visionweb.com.ar\/wp-content\/uploads\/2023\/11\/INTENDENTES-1.png 640w\" sizes=\"auto, (max-width: 300px) 100vw, 300px\" \/><p id=\"caption-attachment-12726\" class=\"wp-caption-text\">Los intendentes de UxP, junto a sus colaboradores, luego de la reuni\u00f3n con el el gobernador Kicillof<\/p><\/div>\n<p><strong>(NAP)<\/strong> El gobernador bonaerense, Axel Kicillof recibi\u00f3 este lunes a los intendentes municipales oficialistas, quienes pidieron tener certezas sobre la asignaci\u00f3n de los recursos para los tiempos que vienen.<\/p>\n<p>El encuentro entre el titular del ejecutivo provincial y los intendentes\u00a0 del oficialismo se concret\u00f3, luego de una reuni\u00f3n que Kicillof sostuvo, el viernes \u00faltimo, con Guillermo Francos, quien se perfila como candidato a ocupar la cartera de Interior en el orden nacional.<\/p>\n<p>Asimismo, le pidieron al Mandatario provincial que encabece \u201cla nueva oposici\u00f3n\u201d y discuta ante el nuevo gobierno nacional, encabezado por Javier Milei, el flujo de fondos para ejecutar obras y programas sociales.<\/p>\n<p>Los intendentes saben que se vienen nuevos tiempos y con esa premisa llegaron este lunes a la gobernaci\u00f3n bonaerense. El gobernador cont\u00f3 que en la reuni\u00f3n mantenida el \u00faltimo viernes con el eventual ministro del Interior del gobierno entrante, Guillermo Francos, no hubo mayores acuerdos, y le cont\u00f3 qu\u00e9 necesita la provincia.<\/p>\n<p>Adem\u00e1s, el Gobernador, describi\u00f3 las obras p\u00fablicas que est\u00e1n en ejecuci\u00f3n. Del otro lado, seg\u00fan la versi\u00f3n de los intendentes y algunos funcionarios las inquietudes trasladada por Kicillof, no tuvieron respuestas: solo recepci\u00f3n de las inquietudes.<\/p>\n<p><strong>Liderar la oposici\u00f3n<\/strong><\/p>\n<p>En este contexto, los intendentes le pidieron a Kicillof que se ponga al frente de un posicionamiento pol\u00edtico. \u201cQue conduzca\u201d, cont\u00f3 el intendente de Ensenada, Mario Secco al salir de la reuni\u00f3n, <strong>como inform\u00f3 Visi\u00f3n web el lunes \u00faltimo<\/strong>.<\/p>\n<p>\u201cTiene el coraje (el Gobernador) para hacerlo, llevar adelante una provincia sin los recursos que antes ten\u00eda de Naci\u00f3n. Lo mejor que puede hacer es conducir el hermoso grupo que hemos logrado. 84 intendentes y el gobernador con una elecci\u00f3n extraordinaria. Est\u00e1n dadas todas las condiciones para ir hacia adelante\u201d, agreg\u00f3 Secco.<\/p>\n<h3 style=\"text-align: center;\"><span style=\"color: #008080;\"><em><strong>El c\u00e1lculo que hacen los l\u00edderes territoriales es que la Provincia dejar\u00e1 de percibir $60 mil millones.<\/strong><\/em><\/span><\/h3>\n<p>El otro tema que se plante\u00f3 en el encuentro, frente a la llegada de fin de a\u00f1o, tiene que ver con la preocupaci\u00f3n de algunos municipios para poder pagar sueldos y aguinaldos.<\/p>\n<p>Los mandatarios comunales expusieron a Kicillof su preocupaci\u00f3n por la merma de fondos, como consecuencia de la modificaci\u00f3n en la cuarta categor\u00eda del Impuesto a las Ganancias, que el gobierno nacional empuj\u00f3 en el Congreso y convirti\u00f3 en ley en plena campa\u00f1a electoral.<\/p>\n<p>Los jefes comunales peronistas buscan mostrarse abroquelados, detr\u00e1s de la conducci\u00f3n de Kicillof, a la vez de plantear una instancia diferente a lo que fue el gobierno de Mauricio Macri y Mar\u00eda Eugenia Vidal<\/p>\n<p>\u201cTenemos que seguir unidos los 84 intendentes de Uni\u00f3n por la Patria y presentarle a los legisladores la problem\u00e1tica porque para eso fueron elegidos para defender a los intendentes\u201d, asegur\u00f3 un jefe comunal.<\/p>\n<p>Un colega suyo fue m\u00e1s descriptivo al decir que hab\u00eda que evitar que haya \u201csaltimbanquis\u201d. Todos bajo un mismo plan que implica adem\u00e1s hacer una visita al nuevo Ministro del Interior despu\u00e9s del 10 de diciembre.\u00a0 <strong>(VW)<\/strong>.<\/p>\n<p>&nbsp;<\/p>\n<p>&nbsp;<\/p>\n","protected":false},"excerpt":{"rendered":"<p>Les pidi\u00f3 \u00abeconom\u00eda de guerra\u00bb. Crece la preocupaci\u00f3n por una eventual restricci\u00f3n de la obra p\u00fablica. Los jefes comunales le pidieron al Gobernador conducir la oposici\u00f3n.<\/p>\n","protected":false},"author":3,"featured_media":12726,"comment_status":"closed","ping_status":"closed","sticky":false,"template":"","format":"standard","meta":{"_monsterinsights_skip_tracking":false,"_monsterinsights_sitenote_active":false,"_monsterinsights_sitenote_note":"","_monsterinsights_sitenote_category":0,"footnotes":""},"categories":[4],"tags":[1010,264,4133,5283],"class_list":["post-12725","post","type-post","status-publish","format-standard","has-post-thumbnail","hentry","category-politica","tag-fondos","tag-intendentes","tag-oficialistas","tag-oposipcion"],"_links":{"self":[{"href":"https:\/\/www.visionweb.com.ar\/index.php?rest_route=\/wp\/v2\/posts\/12725","targetHints":{"allow":["GET"]}}],"collection":[{"href":"https:\/\/www.visionweb.com.ar\/index.php?rest_route=\/wp\/v2\/posts"}],"about":[{"href":"https:\/\/www.visionweb.com.ar\/index.php?rest_route=\/wp\/v2\/types\/post"}],"author":[{"embeddable":true,"href":"https:\/\/www.visionweb.com.ar\/index.php?rest_route=\/wp\/v2\/users\/3"}],"replies":[{"embeddable":true,"href":"https:\/\/www.visionweb.com.ar\/index.php?rest_route=%2Fwp%2Fv2%2Fcomments&post=12725"}],"version-history":[{"count":1,"href":"https:\/\/www.visionweb.com.ar\/index.php?rest_route=\/wp\/v2\/posts\/12725\/revisions"}],"predecessor-version":[{"id":12727,"href":"https:\/\/www.visionweb.com.ar\/index.php?rest_route=\/wp\/v2\/posts\/12725\/revisions\/12727"}],"wp:featuredmedia":[{"embeddable":true,"href":"https:\/\/www.visionweb.com.ar\/index.php?rest_route=\/wp\/v2\/media\/12726"}],"wp:attachment":[{"href":"https:\/\/www.visionweb.com.ar\/index.php?rest_route=%2Fwp%2Fv2%2Fmedia&parent=12725"}],"wp:term":[{"taxonomy":"category","embeddable":true,"href":"https:\/\/www.visionweb.com.ar\/index.php?rest_route=%2Fwp%2Fv2%2Fcategories&post=12725"},{"taxonomy":"post_tag","embeddable":true,"href":"https:\/\/www.visionweb.com.ar\/index.php?rest_route=%2Fwp%2Fv2%2Ftags&post=12725"}],"curies":[{"name":"wp","href":"https:\/\/api.w.org\/{rel}","templated":true}]}}