{"id":12716,"date":"2023-11-28T13:55:17","date_gmt":"2023-11-28T16:55:17","guid":{"rendered":"https:\/\/www.visionweb.com.ar\/?p=12716"},"modified":"2023-11-28T20:30:23","modified_gmt":"2023-11-28T23:30:23","slug":"kravetz-sera-viceministro-de-seguridad-en-caba","status":"publish","type":"post","link":"https:\/\/www.visionweb.com.ar\/?p=12716","title":{"rendered":"Kravetz ser\u00e1 viceministro de Seguridad en CABA"},"content":{"rendered":"<p>El funcionario local y ex candidato a intendente confirm\u00f3 que continuar\u00e1 su trabajo para combatir la inseguridad en la Ciudad de Buenos Aires junto a Waldo Wolf y Jorge Macri. <!--more--><\/p>\n<div id=\"attachment_12717\" style=\"width: 310px\" class=\"wp-caption alignright\"><img loading=\"lazy\" decoding=\"async\" aria-describedby=\"caption-attachment-12717\" class=\"wp-image-12717 size-medium\" src=\"https:\/\/www.visionweb.com.ar\/wp-content\/uploads\/2023\/11\/kravetz-con-wolf-y-jorge-macri-300x141.png\" alt=\"\" width=\"300\" height=\"141\" srcset=\"https:\/\/www.visionweb.com.ar\/wp-content\/uploads\/2023\/11\/kravetz-con-wolf-y-jorge-macri-300x141.png 300w, https:\/\/www.visionweb.com.ar\/wp-content\/uploads\/2023\/11\/kravetz-con-wolf-y-jorge-macri.png 398w\" sizes=\"auto, (max-width: 300px) 100vw, 300px\" \/><p id=\"caption-attachment-12717\" class=\"wp-caption-text\">Foto @diegokravetz<\/p><\/div>\n<p><strong>E<\/strong>l electo jefe de Gobierno de CABA, <strong>Jorge Macri<\/strong>, luego de confirmar oficialmente a <strong>Waldo Wolff<\/strong>\u00a0como ministro de Seguridad de su gesti\u00f3n, anunci\u00f3 que <strong>Diego Kravetz<\/strong> ser\u00e1 el viceministro de esa cartera.<\/p>\n<p>En ese sentido, Kravetz distingui\u00f3: \u201cEs un honor, pero sobre todo una enorme responsabilidad, que Jorge Macri y Waldo Wolff me hayan convocado para trabajar en la seguridad de la Ciudad. Vengo de ocho a\u00f1os de gesti\u00f3n en Lan\u00fas, acompa\u00f1ando a Nestor Grindetti junto a quien logramos reducir todos y cada uno de los \u00edndices delictivos del municipio\u201d.<\/p>\n<p>A la vez record\u00f3 que: \u201cDe hecho, llegamos a tener, antes de la pandemia, un a\u00f1o entero sin homicidios en ocasi\u00f3n de robo. A Jorge le importa especialmente la seguridad. Lo demostr\u00f3 en Vicente L\u00f3pez, donde le dio absoluta prioridad al cuidado de los vecinos, incorporando recursos y tecnolog\u00eda como nunca antes hab\u00eda ocurrido en la historia, con los mejores resultados de toda su zona. Nos tocan tiempos dif\u00edciles, convulsionados, pero junto a Waldo vamos a trabajar para que los que viven, trabajan y estudian ac\u00e1 se sientan seguros en su ciudad. Todo el d\u00eda, todos los d\u00edas, y en la calle. Ese es nuestro compromiso\u201d, declar\u00f3 Kravetz.<\/p>\n<p>Mientras que el pr\u00f3ximo jefe de Gabinete del Gobierno porte\u00f1o, <strong>N\u00e9stor Grindetti<\/strong> expres\u00f3: \u201cDiego, por su parte, es el actual Intendente Interino y Secretario de Seguridad de Lan\u00fas. Su gesti\u00f3n en seguridad, que comenz\u00f3 en 2015, tuvo importantes resultados, logrando que Lan\u00fas sea uno de los pocos municipios del conurbano que disminuy\u00f3 su tasa delictiva en los \u00faltimos 8 a\u00f1os. S\u00e9 de su capacidad de hacer y llevar adelante las transformaciones que nuestra Ciudad necesita para los pr\u00f3ximos a\u00f1os\u201d, remarc\u00f3 Grindetti. <strong>(VW)<\/strong><\/p>\n","protected":false},"excerpt":{"rendered":"<p>El funcionario local y ex candidato a intendente confirm\u00f3 que continuar\u00e1 su trabajo para combatir la inseguridad en la Ciudad de Buenos Aires junto a Waldo Wolf y Jorge Macri.<\/p>\n","protected":false},"author":4,"featured_media":12717,"comment_status":"closed","ping_status":"closed","sticky":false,"template":"","format":"standard","meta":{"_monsterinsights_skip_tracking":false,"_monsterinsights_sitenote_active":false,"_monsterinsights_sitenote_note":"","_monsterinsights_sitenote_category":0,"footnotes":""},"categories":[4],"tags":[330,3991,18,5263,529,5282],"class_list":["post-12716","post","type-post","status-publish","format-standard","has-post-thumbnail","hentry","category-politica","tag-caba","tag-diego-kravetz","tag-grindetti","tag-jorge-macri","tag-seguridad","tag-waldo-wolf"],"_links":{"self":[{"href":"https:\/\/www.visionweb.com.ar\/index.php?rest_route=\/wp\/v2\/posts\/12716","targetHints":{"allow":["GET"]}}],"collection":[{"href":"https:\/\/www.visionweb.com.ar\/index.php?rest_route=\/wp\/v2\/posts"}],"about":[{"href":"https:\/\/www.visionweb.com.ar\/index.php?rest_route=\/wp\/v2\/types\/post"}],"author":[{"embeddable":true,"href":"https:\/\/www.visionweb.com.ar\/index.php?rest_route=\/wp\/v2\/users\/4"}],"replies":[{"embeddable":true,"href":"https:\/\/www.visionweb.com.ar\/index.php?rest_route=%2Fwp%2Fv2%2Fcomments&post=12716"}],"version-history":[{"count":2,"href":"https:\/\/www.visionweb.com.ar\/index.php?rest_route=\/wp\/v2\/posts\/12716\/revisions"}],"predecessor-version":[{"id":12722,"href":"https:\/\/www.visionweb.com.ar\/index.php?rest_route=\/wp\/v2\/posts\/12716\/revisions\/12722"}],"wp:featuredmedia":[{"embeddable":true,"href":"https:\/\/www.visionweb.com.ar\/index.php?rest_route=\/wp\/v2\/media\/12717"}],"wp:attachment":[{"href":"https:\/\/www.visionweb.com.ar\/index.php?rest_route=%2Fwp%2Fv2%2Fmedia&parent=12716"}],"wp:term":[{"taxonomy":"category","embeddable":true,"href":"https:\/\/www.visionweb.com.ar\/index.php?rest_route=%2Fwp%2Fv2%2Fcategories&post=12716"},{"taxonomy":"post_tag","embeddable":true,"href":"https:\/\/www.visionweb.com.ar\/index.php?rest_route=%2Fwp%2Fv2%2Ftags&post=12716"}],"curies":[{"name":"wp","href":"https:\/\/api.w.org\/{rel}","templated":true}]}}