{"id":12712,"date":"2023-11-28T11:58:38","date_gmt":"2023-11-28T14:58:38","guid":{"rendered":"https:\/\/www.visionweb.com.ar\/?p=12712"},"modified":"2023-11-28T11:59:53","modified_gmt":"2023-11-28T14:59:53","slug":"gremios-de-estatales-se-declara-en-alerta","status":"publish","type":"post","link":"https:\/\/www.visionweb.com.ar\/?p=12712","title":{"rendered":"Gremios de estatales se declaran en \u00abalerta\u00bb"},"content":{"rendered":"<p><em><strong>Se trata de ATE (Asociaci\u00f3n Trabajadores del Estado) debido a la posible privatizaci\u00f3n de las empresas estatales y planean jornadas de protesta.\u00a0<\/strong><\/em><!--more--><\/p>\n<div class=\"cuerponota\">\n<p><strong><img loading=\"lazy\" decoding=\"async\" class=\"size-full wp-image-7419 alignright\" src=\"https:\/\/www.visionweb.com.ar\/wp-content\/uploads\/2022\/09\/Ate-de-paro.bmp\" alt=\"\" width=\"541\" height=\"398\" \/>T<\/strong>ras conocerse los resultados del balotaje y el triunfo de <strong>Javier Milei<\/strong>, quien asumir\u00e1 como nuevo presidente de la Argentina el 10 de diciembre, gran parte del movimiento obrero y gremial del pa\u00eds entr\u00f3 en \u00abestado de alerta\u00bb debido a la posible privatizaci\u00f3n de empresas p\u00fablicas y eventuales despidos masivos.<\/p>\n<p>En este sentido, la\u00a0<strong>Asociaci\u00f3n de Trabajadores del Estado (ATE)<\/strong> se declar\u00f3 en \u201cestado de alerta y asamblea permanente\u00bb en todos los organismos estatales, en los que tiene previsto realizar asambleas sectoriales y convocar a un plenario para el lunes \u201cde cara a la organizaci\u00f3n de una pr\u00f3xima movilizaci\u00f3n\u201d.<\/p>\n<div class=\"container-spot\" data-tipo=\"tipo_desktop\" data-pos=\"P1_cuerpo\">\n<div class=\" lazyloaded\" data-gpt=\"\/22596213376\/nota\/P1_cuerpo_desktop\" data-size=\"[[728, 90]]\" data-expand=\"300\">\n<div id=\"pppSlot1\">En un documento, el gremio dej\u00f3 en clara su posici\u00f3n ante la incertidumbre de los trabajadores: \u201cLxs trabajadores estatales no podemos ser la variable de ajuste de los gobiernos: somos quienes materializamos las pol\u00edticas p\u00fablicas\u201d, public\u00f3 en X Mar\u00eda Mercedes Cabezas, secretaria general adjunta de ATE Nacional tras la declaraci\u00f3n del \u201cestado de alerta y asamblea permanente\u00bb.<\/div>\n<\/div>\n<\/div>\n<p>La conducci\u00f3n ratific\u00f3 adem\u00e1s que \u00abdefender\u00e1 el Estado, los puestos de empleo y las pol\u00edticas p\u00fablicas conquistadas.<\/p>\n<p>El actual Gobierno tiene que garantizar antes de irse los aumentos salariales a los que se comprometi\u00f3 para noviembre y diciembre. Y a Milei el gremio le dice que \u00abdefender\u00e1 con toda la fuerza los puestos de trabajo y las pol\u00edticas p\u00fablicas conquistadas\u00bb, dijo su secretario general, Rodolfo Aguiar.<\/p>\n<div class=\"container-spot\" data-tipo=\"tipo_desktop\" data-pos=\"P2_cuerpo\">\n<div class=\" lazyloaded\" data-gpt=\"\/22596213376\/nota\/P2_cuerpo_desktop\" data-size=\"[[728, 90]]\" data-expand=\"300\">\n<div id=\"pppSlot2\">Por \u00faltimo, en el comunicado aseguraron que \u00abno es necesario esperar al 10 de diciembre para saber que la Navidad y el A\u00f1o Nuevo no ser\u00e1n fiestas, porque el presidente electo ya adelant\u00f3 el remate de gran parte del patrimonio estatal. Es inimaginable que alguien no visualice un escenario de corto plazo libre de masivos despidos\u201d.<\/div>\n<\/div>\n<\/div>\n<p>Durante el plenario el gremio analiz\u00f3 las \u00e1reas estatales y puestos de trabajo amenazados y analiz\u00f3 convocar de forma oportuna a \u00abuna jornada nacional de protesta en defensa de las pol\u00edticas p\u00fablicas del Estado\u00bb con organizaciones sociales, sindicales y pol\u00edticas.<strong>(VW)<\/strong><\/p>\n<div class=\"container-spot\" data-tipo=\"tipo_desktop\" data-pos=\"P3_cuerpo\">\n<div class=\" lazyloaded\" data-gpt=\"\/22596213376\/nota\/P3_cuerpo_desktop\" data-size=\"[[728, 90]]\" data-expand=\"300\">\n<div id=\"pppSlot3\"><\/div>\n<\/div>\n<\/div>\n<\/div>\n<div class=\"compartir\"><\/div>\n","protected":false},"excerpt":{"rendered":"<p>Se trata de ATE (Asociaci\u00f3n Trabajadores del Estado) debido a la posible privatizaci\u00f3n de las empresas estatales y planean jornadas de protesta.\u00a0<\/p>\n","protected":false},"author":3,"featured_media":7419,"comment_status":"closed","ping_status":"closed","sticky":false,"template":"","format":"standard","meta":{"_monsterinsights_skip_tracking":false,"_monsterinsights_sitenote_active":false,"_monsterinsights_sitenote_note":"","_monsterinsights_sitenote_category":0,"footnotes":""},"categories":[4],"tags":[2719,5281,2289,252,653],"class_list":["post-12712","post","type-post","status-publish","format-standard","has-post-thumbnail","hentry","category-politica","tag-ate","tag-despidos","tag-movilizacion","tag-paro","tag-protestas"],"_links":{"self":[{"href":"https:\/\/www.visionweb.com.ar\/index.php?rest_route=\/wp\/v2\/posts\/12712","targetHints":{"allow":["GET"]}}],"collection":[{"href":"https:\/\/www.visionweb.com.ar\/index.php?rest_route=\/wp\/v2\/posts"}],"about":[{"href":"https:\/\/www.visionweb.com.ar\/index.php?rest_route=\/wp\/v2\/types\/post"}],"author":[{"embeddable":true,"href":"https:\/\/www.visionweb.com.ar\/index.php?rest_route=\/wp\/v2\/users\/3"}],"replies":[{"embeddable":true,"href":"https:\/\/www.visionweb.com.ar\/index.php?rest_route=%2Fwp%2Fv2%2Fcomments&post=12712"}],"version-history":[{"count":3,"href":"https:\/\/www.visionweb.com.ar\/index.php?rest_route=\/wp\/v2\/posts\/12712\/revisions"}],"predecessor-version":[{"id":12715,"href":"https:\/\/www.visionweb.com.ar\/index.php?rest_route=\/wp\/v2\/posts\/12712\/revisions\/12715"}],"wp:featuredmedia":[{"embeddable":true,"href":"https:\/\/www.visionweb.com.ar\/index.php?rest_route=\/wp\/v2\/media\/7419"}],"wp:attachment":[{"href":"https:\/\/www.visionweb.com.ar\/index.php?rest_route=%2Fwp%2Fv2%2Fmedia&parent=12712"}],"wp:term":[{"taxonomy":"category","embeddable":true,"href":"https:\/\/www.visionweb.com.ar\/index.php?rest_route=%2Fwp%2Fv2%2Fcategories&post=12712"},{"taxonomy":"post_tag","embeddable":true,"href":"https:\/\/www.visionweb.com.ar\/index.php?rest_route=%2Fwp%2Fv2%2Ftags&post=12712"}],"curies":[{"name":"wp","href":"https:\/\/api.w.org\/{rel}","templated":true}]}}