{"id":12703,"date":"2023-11-28T07:06:16","date_gmt":"2023-11-28T10:06:16","guid":{"rendered":"https:\/\/www.visionweb.com.ar\/?p=12703"},"modified":"2023-11-28T07:12:17","modified_gmt":"2023-11-28T10:12:17","slug":"reducen-el-servicio-de-colectivos-en-el-amba","status":"publish","type":"post","link":"https:\/\/www.visionweb.com.ar\/?p=12703","title":{"rendered":"Reducen el servicio de colectivos en el AMBA"},"content":{"rendered":"<p class=\"article__headline\"><em><strong>Las c\u00e1maras empresarias anunciaron la reducci\u00f3n del servicio desde este martes. Reclaman falta de pago de las subsidios al transporte.\u00a0Las l\u00edneas est\u00e1n afectadas.<\/strong><\/em><!--more--><\/p>\n<p><strong><img loading=\"lazy\" decoding=\"async\" class=\"size-medium wp-image-9791 alignright\" src=\"https:\/\/www.visionweb.com.ar\/wp-content\/uploads\/2023\/03\/colectivos-sube-300x274.jpg\" alt=\"\" width=\"300\" height=\"274\" srcset=\"https:\/\/www.visionweb.com.ar\/wp-content\/uploads\/2023\/03\/colectivos-sube-300x274.jpg 300w, https:\/\/www.visionweb.com.ar\/wp-content\/uploads\/2023\/03\/colectivos-sube.bmp 473w\" sizes=\"auto, (max-width: 300px) 100vw, 300px\" \/>L<\/strong>as cinco c\u00e1maras empresarias de colectivos del \u00c1rea Metropolitana de Buenos Aires (AMBA) anunciaron en las \u00faltimas horas la reducci\u00f3n del servicio desde esta medianoche, a ra\u00edz de la falta de pago de las subsidios al transporte.<\/p>\n<p>De esta manera, indicaron en un comunicado de prensa que se ver\u00e1n afectadas las l\u00edneas comunales y provinciales del Conurbano que circulan en el AMBA, al tiempo que tambi\u00e9n remarcaron que la medida alcanzar\u00e1 a las l\u00edneas que vayan del 200 en adelante.<\/p>\n<p>\u00abDurante la semana anterior anticipamos que la falta de pago de las compensaciones (subsidios) al transporte provocar\u00eda la reducci\u00f3n o paralizaci\u00f3n de servicios en la mayor\u00eda de las l\u00edneas provinciales y comunales que circulan en el AMBA\u00bb, comentaron en un comunicado.<\/p>\n<p>\u00abAl no haberse regularizado dicha situaci\u00f3n (especialmente los m\u00e1s de $9.000 mil millones de subsidios de octubre adeudado, entre otros conceptos), informamos que, habi\u00e9ndose agotado la capacidad financiera y los recursos de una enorme mayor\u00eda de las empresas, se empezar\u00e1 a afectar de tal modo los servicios, con agravamiento a medida que transcurra la semana\u00bb, a\u00f1adieron<\/p>\n<p>\u00abSeg\u00fan estimaciones realizadas por las c\u00e1maras, a partir de ma\u00f1ana (por este martes) la mayor\u00eda de las empresas de estas jurisdicciones no podr\u00e1n continuar presentando servicios de forma habitual, quedando paralizadas en la medida que agoten los recursos en forma progresiva\u00bb, remarcaron.<\/p>\n<h3 style=\"text-align: center;\"><span style=\"color: #008080;\"><em><strong>Seg\u00fan las c\u00e1maras de transporte p\u00fablico el estado adeuda $9.000 millones en compensaciones\u00a0\u00a0<\/strong><\/em><\/span><\/h3>\n<p><img loading=\"lazy\" decoding=\"async\" class=\"size-medium wp-image-12706 alignleft\" src=\"https:\/\/www.visionweb.com.ar\/wp-content\/uploads\/2023\/11\/comunicado-231x300.png\" alt=\"\" width=\"231\" height=\"300\" srcset=\"https:\/\/www.visionweb.com.ar\/wp-content\/uploads\/2023\/11\/comunicado-231x300.png 231w, https:\/\/www.visionweb.com.ar\/wp-content\/uploads\/2023\/11\/comunicado.png 336w\" sizes=\"auto, (max-width: 231px) 100vw, 231px\" \/>\u00abLamentamos la situaci\u00f3n ajena a nuestra voluntad, ya que no fijamos la tarifa -congelada desde el mes de agosto- ni actualizamos los niveles de subsidios -desfasados a la fecha en un 30 por ciento respecto de los costos reales de operaci\u00f3n-. No somos responsables por el persistente atraso y mora en los pagos, que torna insostenible esta situaci\u00f3n al combinarse todos los factores\u00bb.<\/p>\n<p>En el texto aclararon que \u00abesta situaci\u00f3n no es nueva\u00bb y que \u00abse viene agravando progresivamente desde hace varios meses\u00bb.<\/p>\n<p>\u00abEl propio usuario percibe la p\u00e9rdida de frecuencias, deterioro del parque m\u00f3vil y empeoramiento del servicio, en paralelo al aceleramiento de la inflaci\u00f3n, desabastecimiento de insumos cr\u00edticos, y el atraso en el c\u00e1lculo y pagos de subsidios, sin que las empresas tengan margen para sortear la acumulaci\u00f3n de obst\u00e1culos\u00bb, apuntaron.<\/p>\n<p>\u00abHemos advertido reiteradas veces que se llegar\u00eda a esta situaci\u00f3n de continuar en un esquema de tarifas tan bajas y congeladas, junto con subsidios mal calculados, y adem\u00e1s impagos, por lo que solicitamos urgente a las autoridades que cumplan en el marco normativo vigente que se asegura el financiamiento que permite la continuidad de los servicios, de manera de evitarle perjuicios al p\u00fablico usuario\u00bb, finalizaron <strong>(VW)<\/strong>.<\/p>\n","protected":false},"excerpt":{"rendered":"<p>Las c\u00e1maras empresarias anunciaron la reducci\u00f3n del servicio desde este martes. Reclaman falta de pago de las subsidios al transporte.\u00a0Las l\u00edneas est\u00e1n afectadas.<\/p>\n","protected":false},"author":3,"featured_media":9791,"comment_status":"closed","ping_status":"closed","sticky":false,"template":"","format":"standard","meta":{"_monsterinsights_skip_tracking":false,"_monsterinsights_sitenote_active":false,"_monsterinsights_sitenote_note":"","_monsterinsights_sitenote_category":0,"footnotes":""},"categories":[8],"tags":[705,81,871],"class_list":["post-12703","post","type-post","status-publish","format-standard","has-post-thumbnail","hentry","category-interes-general","tag-colectivos","tag-deuda","tag-subsidios"],"_links":{"self":[{"href":"https:\/\/www.visionweb.com.ar\/index.php?rest_route=\/wp\/v2\/posts\/12703","targetHints":{"allow":["GET"]}}],"collection":[{"href":"https:\/\/www.visionweb.com.ar\/index.php?rest_route=\/wp\/v2\/posts"}],"about":[{"href":"https:\/\/www.visionweb.com.ar\/index.php?rest_route=\/wp\/v2\/types\/post"}],"author":[{"embeddable":true,"href":"https:\/\/www.visionweb.com.ar\/index.php?rest_route=\/wp\/v2\/users\/3"}],"replies":[{"embeddable":true,"href":"https:\/\/www.visionweb.com.ar\/index.php?rest_route=%2Fwp%2Fv2%2Fcomments&post=12703"}],"version-history":[{"count":3,"href":"https:\/\/www.visionweb.com.ar\/index.php?rest_route=\/wp\/v2\/posts\/12703\/revisions"}],"predecessor-version":[{"id":12707,"href":"https:\/\/www.visionweb.com.ar\/index.php?rest_route=\/wp\/v2\/posts\/12703\/revisions\/12707"}],"wp:featuredmedia":[{"embeddable":true,"href":"https:\/\/www.visionweb.com.ar\/index.php?rest_route=\/wp\/v2\/media\/9791"}],"wp:attachment":[{"href":"https:\/\/www.visionweb.com.ar\/index.php?rest_route=%2Fwp%2Fv2%2Fmedia&parent=12703"}],"wp:term":[{"taxonomy":"category","embeddable":true,"href":"https:\/\/www.visionweb.com.ar\/index.php?rest_route=%2Fwp%2Fv2%2Fcategories&post=12703"},{"taxonomy":"post_tag","embeddable":true,"href":"https:\/\/www.visionweb.com.ar\/index.php?rest_route=%2Fwp%2Fv2%2Ftags&post=12703"}],"curies":[{"name":"wp","href":"https:\/\/api.w.org\/{rel}","templated":true}]}}