{"id":12700,"date":"2023-11-27T10:58:00","date_gmt":"2023-11-27T13:58:00","guid":{"rendered":"https:\/\/www.visionweb.com.ar\/?p=12700"},"modified":"2023-11-27T10:59:59","modified_gmt":"2023-11-27T13:59:59","slug":"piden-la-renuncia-de-alberto-fernandez-y-maximo-kirchner-a-las-presidencias-del-pj","status":"publish","type":"post","link":"https:\/\/www.visionweb.com.ar\/?p=12700","title":{"rendered":"Piden la renuncia de Alberto Fern\u00e1ndez y M\u00e1ximo Kirchner a las presidencias del PJ"},"content":{"rendered":"<p><em><strong>Fernando Gray reclam\u00f3 la renuncia de Alberto Fern\u00e1ndez al PJ nacional y de M\u00e1ximo Kirchner al PJ Bonaerense.<\/strong><\/em><!--more--><\/p>\n<p><strong><img loading=\"lazy\" decoding=\"async\" class=\"size-medium wp-image-12701 alignright\" src=\"https:\/\/www.visionweb.com.ar\/wp-content\/uploads\/2023\/11\/FG-300x150.jpg\" alt=\"\" width=\"300\" height=\"150\" srcset=\"https:\/\/www.visionweb.com.ar\/wp-content\/uploads\/2023\/11\/FG-300x150.jpg 300w, https:\/\/www.visionweb.com.ar\/wp-content\/uploads\/2023\/11\/FG.jpg 640w\" sizes=\"auto, (max-width: 300px) 100vw, 300px\" \/>E<\/strong>l intendente de Esteban Echeverr\u00eda y titular del Partido Justicialista (PJ) local, Fernando Gray, reclam\u00f3 la renuncia de Alberto Fern\u00e1ndez a la presidencia del PJ Nacional y de M\u00e1ximo Kirchner a la del PJ Bonaerense.<\/p>\n<p>\u201cTras la derrota del peronismo en las elecciones y sin un pronunciamiento o un gesto pol\u00edtico de los \u00f3rganos partidarios, corresponde que el presidente del PJ Nacional, Alberto Fern\u00e1ndez, y quien se arroga la presidencia del PJ bonaerense, M\u00e1ximo Kirchner, presenten sus renuncias\u201c, reclam\u00f3 el jefe comunal.<\/p>\n<p><img loading=\"lazy\" decoding=\"async\" class=\"size-medium wp-image-3845 alignleft\" src=\"https:\/\/www.visionweb.com.ar\/wp-content\/uploads\/2021\/12\/MAXIMO-KIRCHNER-300x198.png\" alt=\"\" width=\"300\" height=\"198\" srcset=\"https:\/\/www.visionweb.com.ar\/wp-content\/uploads\/2021\/12\/MAXIMO-KIRCHNER-300x198.png 300w, https:\/\/www.visionweb.com.ar\/wp-content\/uploads\/2021\/12\/MAXIMO-KIRCHNER.png 580w\" sizes=\"auto, (max-width: 300px) 100vw, 300px\" \/>El presidente del PJ de Esteban Echeverr\u00eda apunt\u00f3 que es \u201cni m\u00e1s ni menos que lo hecho por N\u00e9stor Kirchner luego de la derrota del 2009\u201d.<\/p>\n<p>Gray record\u00f3 que \u201cla elecci\u00f3n de autoridades del PJ bonaerense fue impugnada en 2021, cuyo reclamo se encuentra en la Corte Suprema de Justicia de la Naci\u00f3n\u201d.<\/p>\n<p>\u201cEn esa oportunidad, la C\u00e1mara Nacional Electoral permiti\u00f3, en un hecho in\u00e9dito, elevar el recurso solicitado por Gray a la Corte, fundamentado en un caso de \u201cgravedad institucional\u201d, completa<strong>(VW)<\/strong>.<\/p>\n","protected":false},"excerpt":{"rendered":"<p>Fernando Gray reclam\u00f3 la renuncia de Alberto Fern\u00e1ndez al PJ nacional y de M\u00e1ximo Kirchner al PJ Bonaerense.<\/p>\n","protected":false},"author":3,"featured_media":12701,"comment_status":"closed","ping_status":"closed","sticky":false,"template":"","format":"standard","meta":{"_monsterinsights_skip_tracking":false,"_monsterinsights_sitenote_active":false,"_monsterinsights_sitenote_note":"","_monsterinsights_sitenote_category":0,"footnotes":""},"categories":[4],"tags":[15,5279,1349,490,1724],"class_list":["post-12700","post","type-post","status-publish","format-standard","has-post-thumbnail","hentry","category-politica","tag-fernandez","tag-gray","tag-kirchner","tag-pj","tag-renuncia"],"_links":{"self":[{"href":"https:\/\/www.visionweb.com.ar\/index.php?rest_route=\/wp\/v2\/posts\/12700","targetHints":{"allow":["GET"]}}],"collection":[{"href":"https:\/\/www.visionweb.com.ar\/index.php?rest_route=\/wp\/v2\/posts"}],"about":[{"href":"https:\/\/www.visionweb.com.ar\/index.php?rest_route=\/wp\/v2\/types\/post"}],"author":[{"embeddable":true,"href":"https:\/\/www.visionweb.com.ar\/index.php?rest_route=\/wp\/v2\/users\/3"}],"replies":[{"embeddable":true,"href":"https:\/\/www.visionweb.com.ar\/index.php?rest_route=%2Fwp%2Fv2%2Fcomments&post=12700"}],"version-history":[{"count":1,"href":"https:\/\/www.visionweb.com.ar\/index.php?rest_route=\/wp\/v2\/posts\/12700\/revisions"}],"predecessor-version":[{"id":12702,"href":"https:\/\/www.visionweb.com.ar\/index.php?rest_route=\/wp\/v2\/posts\/12700\/revisions\/12702"}],"wp:featuredmedia":[{"embeddable":true,"href":"https:\/\/www.visionweb.com.ar\/index.php?rest_route=\/wp\/v2\/media\/12701"}],"wp:attachment":[{"href":"https:\/\/www.visionweb.com.ar\/index.php?rest_route=%2Fwp%2Fv2%2Fmedia&parent=12700"}],"wp:term":[{"taxonomy":"category","embeddable":true,"href":"https:\/\/www.visionweb.com.ar\/index.php?rest_route=%2Fwp%2Fv2%2Fcategories&post=12700"},{"taxonomy":"post_tag","embeddable":true,"href":"https:\/\/www.visionweb.com.ar\/index.php?rest_route=%2Fwp%2Fv2%2Ftags&post=12700"}],"curies":[{"name":"wp","href":"https:\/\/api.w.org\/{rel}","templated":true}]}}