{"id":12693,"date":"2023-11-27T09:57:21","date_gmt":"2023-11-27T12:57:21","guid":{"rendered":"https:\/\/www.visionweb.com.ar\/?p=12693"},"modified":"2023-11-27T09:57:21","modified_gmt":"2023-11-27T12:57:21","slug":"hoy-estaran-cerradas-las-oficinas-de-anses","status":"publish","type":"post","link":"https:\/\/www.visionweb.com.ar\/?p=12693","title":{"rendered":"Hoy estar\u00e1n cerradas las oficinas de ANSES"},"content":{"rendered":"<p><em><strong>Este lunes 27 todas las oficinas de ANSES no abrir\u00e1n sus puertas, por el D\u00eda de los trabajadores previsionales argentinos.<\/strong><\/em><!--more--><\/p>\n<p><strong><img loading=\"lazy\" decoding=\"async\" class=\"size-full wp-image-1672 alignright\" src=\"https:\/\/www.visionweb.com.ar\/wp-content\/uploads\/2021\/05\/Anses-local.bmp\" alt=\"\" width=\"495\" height=\"214\" \/>\u00a0\u00a0 L<\/strong>a Administraci\u00f3n Nacional de la Seguridad Social (ANSES) inform\u00f3 que este\u00a0<strong>lunes 27 de noviembre todas sus oficinas y delegaciones permanecer\u00e1n cerradas al p\u00fablico<\/strong>, debido a la conmemoraci\u00f3n del\u00a0<strong>D\u00eda de los trabajadores previsionales argentinos.<\/strong><\/p>\n<p>El d\u00eda<strong> martes 28 retornar\u00e1n a sus tareas<\/strong>\u00a0y abrir\u00e1n con total normalidad.<\/p>\n<p>Asimismo, el organismo previsional recuerda que se pueden gestionar consultas y realizar tr\u00e1mites durante las 24 horas, los 365 d\u00edas del a\u00f1o, desde su\u00a0<a href=\"http:\/\/www.anses.gob.ar\/\">sitio web<\/a>.<\/p>\n<p>Cabe recordar que el <strong>28 de octubre de 2009 se sancion\u00f3 la Ley 26.533<\/strong>, que declara al 27 de noviembre como el D\u00eda del Trabajador Previsional Argentino, y desde ese momento se celebra de esta manera, con una jornada sin actividades laborales. <strong>(VW)<\/strong><\/p>\n<p>&nbsp;<\/p>\n","protected":false},"excerpt":{"rendered":"<p>Este lunes 27 todas las oficinas de ANSES no abrir\u00e1n sus puertas, por el D\u00eda de los trabajadores previsionales argentinos.<\/p>\n","protected":false},"author":4,"featured_media":1672,"comment_status":"closed","ping_status":"closed","sticky":false,"template":"","format":"standard","meta":{"_monsterinsights_skip_tracking":false,"_monsterinsights_sitenote_active":false,"_monsterinsights_sitenote_note":"","_monsterinsights_sitenote_category":0,"footnotes":""},"categories":[8],"tags":[300,5274,5273],"class_list":["post-12693","post","type-post","status-publish","format-standard","has-post-thumbnail","hentry","category-interes-general","tag-anses","tag-dia-de-los-trabajadores-previsionales-argentinos","tag-oficinas-cerradas"],"_links":{"self":[{"href":"https:\/\/www.visionweb.com.ar\/index.php?rest_route=\/wp\/v2\/posts\/12693","targetHints":{"allow":["GET"]}}],"collection":[{"href":"https:\/\/www.visionweb.com.ar\/index.php?rest_route=\/wp\/v2\/posts"}],"about":[{"href":"https:\/\/www.visionweb.com.ar\/index.php?rest_route=\/wp\/v2\/types\/post"}],"author":[{"embeddable":true,"href":"https:\/\/www.visionweb.com.ar\/index.php?rest_route=\/wp\/v2\/users\/4"}],"replies":[{"embeddable":true,"href":"https:\/\/www.visionweb.com.ar\/index.php?rest_route=%2Fwp%2Fv2%2Fcomments&post=12693"}],"version-history":[{"count":1,"href":"https:\/\/www.visionweb.com.ar\/index.php?rest_route=\/wp\/v2\/posts\/12693\/revisions"}],"predecessor-version":[{"id":12694,"href":"https:\/\/www.visionweb.com.ar\/index.php?rest_route=\/wp\/v2\/posts\/12693\/revisions\/12694"}],"wp:featuredmedia":[{"embeddable":true,"href":"https:\/\/www.visionweb.com.ar\/index.php?rest_route=\/wp\/v2\/media\/1672"}],"wp:attachment":[{"href":"https:\/\/www.visionweb.com.ar\/index.php?rest_route=%2Fwp%2Fv2%2Fmedia&parent=12693"}],"wp:term":[{"taxonomy":"category","embeddable":true,"href":"https:\/\/www.visionweb.com.ar\/index.php?rest_route=%2Fwp%2Fv2%2Fcategories&post=12693"},{"taxonomy":"post_tag","embeddable":true,"href":"https:\/\/www.visionweb.com.ar\/index.php?rest_route=%2Fwp%2Fv2%2Ftags&post=12693"}],"curies":[{"name":"wp","href":"https:\/\/api.w.org\/{rel}","templated":true}]}}