{"id":12692,"date":"2023-11-27T09:59:57","date_gmt":"2023-11-27T12:59:57","guid":{"rendered":"https:\/\/www.visionweb.com.ar\/?p=12692"},"modified":"2023-11-27T09:59:57","modified_gmt":"2023-11-27T12:59:57","slug":"j-alvarez-necesitamos-de-la-produccion-y-el-conocimiento-de-la-unla","status":"publish","type":"post","link":"https:\/\/www.visionweb.com.ar\/?p=12692","title":{"rendered":"J. Alvarez: \u00abNecesitamos de la producci\u00f3n y el conocimiento de la UNLA"},"content":{"rendered":"<p><em><strong>El intendente electo, se reuni\u00f3 con directivos de la Universidad de Lan\u00fas para articular acciones conjuntas con la Municipalidad de Lan\u00fas.<\/strong><\/em>\u00a0 <!--more--><\/p>\n<div id=\"attachment_12695\" style=\"width: 310px\" class=\"wp-caption alignright\"><img loading=\"lazy\" decoding=\"async\" aria-describedby=\"caption-attachment-12695\" class=\"wp-image-12695 size-medium\" src=\"https:\/\/www.visionweb.com.ar\/wp-content\/uploads\/2023\/11\/ALVAREZ-EN-LA-UNLA-300x159.png\" alt=\"\" width=\"300\" height=\"159\" srcset=\"https:\/\/www.visionweb.com.ar\/wp-content\/uploads\/2023\/11\/ALVAREZ-EN-LA-UNLA-300x159.png 300w, https:\/\/www.visionweb.com.ar\/wp-content\/uploads\/2023\/11\/ALVAREZ-EN-LA-UNLA-1024x543.png 1024w, https:\/\/www.visionweb.com.ar\/wp-content\/uploads\/2023\/11\/ALVAREZ-EN-LA-UNLA-768x407.png 768w, https:\/\/www.visionweb.com.ar\/wp-content\/uploads\/2023\/11\/ALVAREZ-EN-LA-UNLA.png 1210w\" sizes=\"auto, (max-width: 300px) 100vw, 300px\" \/><p id=\"caption-attachment-12695\" class=\"wp-caption-text\"><em><strong>Juli\u00e1n Alvarez fue recibido por el rector interino de la UNLA, Daniel Bozzi (Imagen: Prensa UNLA) <\/strong> <\/em><\/p><\/div>\n<p><strong>E<\/strong>l intendente electo por Uni\u00f3n por la Patria (UxP), Juli\u00e1n \u00c1lvarez, visit\u00f3 el jueves \u00faltimo la Universidad Nacional de Lan\u00fas (UNLa) para empezar a conversar c\u00f3mo articular conocimiento y saberes de la universidad con la municipalidad. Lo recibi\u00f3 el vicerrector a cargo del Rectorado de la UNLa, Daniel Bozzani.<\/p>\n<p>La reuni\u00f3n de trabajo tuvo \u201cel objetivo bien claro de actuar conjuntamente. Nosotros necesitamos de la producci\u00f3n de conocimiento de la Universidad Nacional de Lan\u00fas en carreras emblem\u00e1ticas como enfermer\u00eda, seguridad, gesti\u00f3n ambiental\u201d, se\u00f1al\u00f3 \u00c1lvarez tras salir del encuentro que tuvo lugar en la Sala de Consejo Superior de la UNLa.<\/p>\n<p>En la misma l\u00ednea, el flamante jefe comunal a\u00f1adi\u00f3: \u201cNecesitamos de esta universidad, de los talleres de oficios, para abordar todas la problem\u00e1ticas del distrito\u201d.<\/p>\n<p>\u201cTenemos una historia com\u00fan muy fortalecida por una resistencia y un objetivo de pa\u00eds en com\u00fan\u201d, finaliz\u00f3 \u00c1lvarez, cuya visita a la UNLa coincidi\u00f3 con la conmemoraci\u00f3n del D\u00eda de la Gratuidad Universitaria, declarado en 2007 para conmemorar la publicaci\u00f3n del decreto 29.337, firmado en 1949 por el entonces presidente Juan Domingo Per\u00f3n, que estableci\u00f3 el acceso gratuito a las universidades nacionales<strong>(VW)<\/strong>.<\/p>\n","protected":false},"excerpt":{"rendered":"<p>El intendente electo, se reuni\u00f3 con directivos de la Universidad de Lan\u00fas para articular acciones conjuntas con la Municipalidad de Lan\u00fas.\u00a0<\/p>\n","protected":false},"author":3,"featured_media":12695,"comment_status":"closed","ping_status":"closed","sticky":false,"template":"","format":"standard","meta":{"_monsterinsights_skip_tracking":false,"_monsterinsights_sitenote_active":false,"_monsterinsights_sitenote_note":"","_monsterinsights_sitenote_category":0,"footnotes":""},"categories":[7],"tags":[],"class_list":["post-12692","post","type-post","status-publish","format-standard","has-post-thumbnail","hentry","category-educacion-y-cultura"],"_links":{"self":[{"href":"https:\/\/www.visionweb.com.ar\/index.php?rest_route=\/wp\/v2\/posts\/12692","targetHints":{"allow":["GET"]}}],"collection":[{"href":"https:\/\/www.visionweb.com.ar\/index.php?rest_route=\/wp\/v2\/posts"}],"about":[{"href":"https:\/\/www.visionweb.com.ar\/index.php?rest_route=\/wp\/v2\/types\/post"}],"author":[{"embeddable":true,"href":"https:\/\/www.visionweb.com.ar\/index.php?rest_route=\/wp\/v2\/users\/3"}],"replies":[{"embeddable":true,"href":"https:\/\/www.visionweb.com.ar\/index.php?rest_route=%2Fwp%2Fv2%2Fcomments&post=12692"}],"version-history":[{"count":1,"href":"https:\/\/www.visionweb.com.ar\/index.php?rest_route=\/wp\/v2\/posts\/12692\/revisions"}],"predecessor-version":[{"id":12696,"href":"https:\/\/www.visionweb.com.ar\/index.php?rest_route=\/wp\/v2\/posts\/12692\/revisions\/12696"}],"wp:featuredmedia":[{"embeddable":true,"href":"https:\/\/www.visionweb.com.ar\/index.php?rest_route=\/wp\/v2\/media\/12695"}],"wp:attachment":[{"href":"https:\/\/www.visionweb.com.ar\/index.php?rest_route=%2Fwp%2Fv2%2Fmedia&parent=12692"}],"wp:term":[{"taxonomy":"category","embeddable":true,"href":"https:\/\/www.visionweb.com.ar\/index.php?rest_route=%2Fwp%2Fv2%2Fcategories&post=12692"},{"taxonomy":"post_tag","embeddable":true,"href":"https:\/\/www.visionweb.com.ar\/index.php?rest_route=%2Fwp%2Fv2%2Ftags&post=12692"}],"curies":[{"name":"wp","href":"https:\/\/api.w.org\/{rel}","templated":true}]}}