{"id":12690,"date":"2023-11-27T09:40:53","date_gmt":"2023-11-27T12:40:53","guid":{"rendered":"https:\/\/www.visionweb.com.ar\/?p=12690"},"modified":"2023-11-27T09:40:53","modified_gmt":"2023-11-27T12:40:53","slug":"milei-llamara-a-sesiones-extraordinarias-para-tratar-un-paquete-de-reformas","status":"publish","type":"post","link":"https:\/\/www.visionweb.com.ar\/?p=12690","title":{"rendered":"Milei llamar\u00e1 a sesiones extraordinarias para tratar un paquete de reformas"},"content":{"rendered":"<p><em><strong>Lo confirm\u00f3 antes de partir a los Estados Unidos junto a una comitiva y a Luis Caputo. Milei no detall\u00f3 el contenido de ese \u201cpaquete de reformas y leyes asociadas.<\/strong><\/em><!--more--><\/p>\n<p><strong><img loading=\"lazy\" decoding=\"async\" class=\"size-medium wp-image-9267 alignright\" src=\"https:\/\/www.visionweb.com.ar\/wp-content\/uploads\/2023\/01\/Sesiones-congreso-ene2023-300x171.jpg\" alt=\"\" width=\"300\" height=\"171\" srcset=\"https:\/\/www.visionweb.com.ar\/wp-content\/uploads\/2023\/01\/Sesiones-congreso-ene2023-300x171.jpg 300w, https:\/\/www.visionweb.com.ar\/wp-content\/uploads\/2023\/01\/Sesiones-congreso-ene2023.bmp 441w\" sizes=\"auto, (max-width: 300px) 100vw, 300px\" \/>E<\/strong>l presidente electo, Javier Milei, confirm\u00f3 que convocar\u00e1 a sesiones extraordinarias del Congreso para tratar un paquete de reformas y leyes que ser\u00e1n clave para el inicio de su gesti\u00f3n de gobierno.<\/p>\n<p>\u201c<strong>El d\u00eda 11 de diciembre entra un paquete enorme de leyes con todas las reformas del Estado y un mont\u00f3n de leyes asociadas a ello. No vamos a esperar a marzo a que vengan las ordinarias.<\/strong> Vamos a llamar a sesiones extraordinarias y vamos a tratar todos estos temas porque es urgente. No podemos esperar hasta marzo, porque ese mes empieza a caer la demanda de dinero\u201d, explic\u00f3 Milei.<\/p>\n<p>As\u00ed lo inform\u00f3 en las \u00faltimas horas en una entrevista, antes de tomar el vuelo que lo llevar\u00e1 a Nueva York y Washington, junto a su hermana Karina, el pr\u00f3ximo jefe de Gabinete, Nicol\u00e1s Posse, el asesor Santiago Caputo, el empresario Gerardo Werthein, posible embajador en la capital de EE.UU., y a Luis \u201cToto\u201d Caputo, quien ser\u00e1 su ministro de Econom\u00eda.<\/p>\n<p>En una entrevista desde el Hotel Libertador, Milei <strong>no detall\u00f3 el contenido de ese \u201cpaquete de reformas y leyes asociadas\u201d, pero de sus declaraciones se desprende que no habr\u00e1 un \u00fanico texto<\/strong>, que incorpore todas las medidas para poner en marcha su gobierno, seg\u00fan publicaron las agencias de noticias.<\/p>\n<p>\u201cVamos a buscar el mejor equilibrio pol\u00edtico para que las leyes tomen curso\u201d, dijo sobre lo que ocurrir\u00e1 en el Congreso.<\/p>\n<p>\u201cMi prioridad a nivel econ\u00f3mico es evitar la hiperinflaci\u00f3n. Voy a utilizar todos los medios dentro de la ley, respetando los contratos y respetando los derechos de propiedad, para dar una soluci\u00f3n que minimice esto, porque si no el da\u00f1o nos va a llevar los niveles de pobreza del 95%\u201d, afirm\u00f3 Milei.<\/p>\n<p>Con respecto a su decisi\u00f3n de aplicar <strong>\u201cun plan de shock para poner en caja las cuentas p\u00fablicas, solucionar las Leliq y arreglar el balance del Banco Central<\/strong>. Reci\u00e9n cuando tengamos eso encaminado vamos a empezar a abrir el cepo e ir a una unificaci\u00f3n cambiaria\u201d.<\/p>\n<p>Esas definiciones depender\u00e1n de una estructuraci\u00f3n pol\u00edtica en el Congreso que actualmente es una inc\u00f3gnita.<strong>(VW)<\/strong><\/p>\n","protected":false},"excerpt":{"rendered":"<p>Lo confirm\u00f3 antes de partir a los Estados Unidos junto a una comitiva y a Luis Caputo. Milei no detall\u00f3 el contenido de ese \u201cpaquete de reformas y leyes asociadas.<\/p>\n","protected":false},"author":3,"featured_media":9267,"comment_status":"closed","ping_status":"closed","sticky":false,"template":"","format":"standard","meta":{"_monsterinsights_skip_tracking":false,"_monsterinsights_sitenote_active":false,"_monsterinsights_sitenote_note":"","_monsterinsights_sitenote_category":0,"footnotes":""},"categories":[4],"tags":[485,5270,5271,5272],"class_list":["post-12690","post","type-post","status-publish","format-standard","has-post-thumbnail","hentry","category-politica","tag-congreso","tag-paquete-de-medidas","tag-sesiones-extraoedinbarias","tag-shock"],"_links":{"self":[{"href":"https:\/\/www.visionweb.com.ar\/index.php?rest_route=\/wp\/v2\/posts\/12690","targetHints":{"allow":["GET"]}}],"collection":[{"href":"https:\/\/www.visionweb.com.ar\/index.php?rest_route=\/wp\/v2\/posts"}],"about":[{"href":"https:\/\/www.visionweb.com.ar\/index.php?rest_route=\/wp\/v2\/types\/post"}],"author":[{"embeddable":true,"href":"https:\/\/www.visionweb.com.ar\/index.php?rest_route=\/wp\/v2\/users\/3"}],"replies":[{"embeddable":true,"href":"https:\/\/www.visionweb.com.ar\/index.php?rest_route=%2Fwp%2Fv2%2Fcomments&post=12690"}],"version-history":[{"count":1,"href":"https:\/\/www.visionweb.com.ar\/index.php?rest_route=\/wp\/v2\/posts\/12690\/revisions"}],"predecessor-version":[{"id":12691,"href":"https:\/\/www.visionweb.com.ar\/index.php?rest_route=\/wp\/v2\/posts\/12690\/revisions\/12691"}],"wp:featuredmedia":[{"embeddable":true,"href":"https:\/\/www.visionweb.com.ar\/index.php?rest_route=\/wp\/v2\/media\/9267"}],"wp:attachment":[{"href":"https:\/\/www.visionweb.com.ar\/index.php?rest_route=%2Fwp%2Fv2%2Fmedia&parent=12690"}],"wp:term":[{"taxonomy":"category","embeddable":true,"href":"https:\/\/www.visionweb.com.ar\/index.php?rest_route=%2Fwp%2Fv2%2Fcategories&post=12690"},{"taxonomy":"post_tag","embeddable":true,"href":"https:\/\/www.visionweb.com.ar\/index.php?rest_route=%2Fwp%2Fv2%2Ftags&post=12690"}],"curies":[{"name":"wp","href":"https:\/\/api.w.org\/{rel}","templated":true}]}}