{"id":12684,"date":"2023-11-24T14:07:50","date_gmt":"2023-11-24T17:07:50","guid":{"rendered":"https:\/\/www.visionweb.com.ar\/?p=12684"},"modified":"2023-11-24T14:07:50","modified_gmt":"2023-11-24T17:07:50","slug":"congreso-se-aproxima-la-jura-de-senadores-y-diputados-electos","status":"publish","type":"post","link":"https:\/\/www.visionweb.com.ar\/?p=12684","title":{"rendered":"Congreso: Se aproxima la jura de senadores y diputados electos"},"content":{"rendered":"<p><em><strong>El 29 de noviembre ser\u00e1 la jura de los 24 nuevos senadores nacionales. Mientras que el 7 de diciembre es la fecha para los 130 nuevos diputados.<\/strong><\/em><!--more--><\/p>\n<p><strong> <img loading=\"lazy\" decoding=\"async\" class=\"size-medium wp-image-12685 alignright\" src=\"https:\/\/www.visionweb.com.ar\/wp-content\/uploads\/2023\/11\/Congreso-nacional-300x242.png\" alt=\"\" width=\"300\" height=\"242\" srcset=\"https:\/\/www.visionweb.com.ar\/wp-content\/uploads\/2023\/11\/Congreso-nacional-300x242.png 300w, https:\/\/www.visionweb.com.ar\/wp-content\/uploads\/2023\/11\/Congreso-nacional.png 532w\" sizes=\"auto, (max-width: 300px) 100vw, 300px\" \/>\u00a0\u00a0 E<\/strong>l proceso de transici\u00f3n en el <strong>Congreso <\/strong>est\u00e1 en marcha<strong>\u00a0<\/strong>y est\u00e1n ya oficializadas las convocatorias a las sesiones preparatorias en las que jurar\u00e1n los senadores y los diputados electos el 22 de octubre pasado.<\/p>\n<p>El pr\u00f3ximo<strong> mi\u00e9rcoles 29 de noviembre, <\/strong>se re\u00fane el recinto de la <strong>C\u00e1mara alta para tomarle juramento a 24 nuevos senadores nacionales<\/strong>, que asumir\u00e1n en sus cargos el 10 de diciembre.<\/p>\n<p>Tambi\u00e9n deber\u00e1n jurar ese d\u00eda las nuevas autoridades del cuerpo:\u00a0el\u00a0presidente provisional, tres vicepresidentes, secretarios administrativo y parlamentario, y prosecretarios.<\/p>\n<p>La convocatoria a\u00a0<strong>la sesi\u00f3n preparatoria de la C\u00e1mara de Diputados ser\u00e1 el 7 de diciembre para el juramento de 130 nuevos legisladores.<\/strong><\/p>\n<p>En el caso de los senadores electos,\u00a0<strong>11 de ellos pertenecen a\u00a0Uni\u00f3n por la Patria, apenas dos a Juntos por el Cambio, siete a La Libertad Avanza y cuatro de oficialismos provinciales<\/strong>.<\/p>\n<p>Uni\u00f3n por la Patria ser\u00e1 la primera minor\u00eda con 33 senadores desde el 10 de diciembre.<\/p>\n<p>Se suman\u00a0Eduardo De Pedro\u00a0y\u00a0Juliana Di Tullio\u00a0(Buenos Aires);\u00a0Jos\u00e9 Mayans\u00a0y\u00a0Mar\u00eda Teresa Gonz\u00e1lez\u00a0(Formosa);\u00a0Sergio U\u00f1ac\u00a0y\u00a0Mar\u00eda Celeste Gim\u00e9nez Navarro\u00a0(San Juan); y\u00a0Alicia Kirchner\u00a0(Santa Cruz).<\/p>\n<p>Por Juntos por el Cambio s\u00f3lo ingresar\u00e1n dos nuevos senadores: Maximiliano Abad\u00a0(Buenos Aires) y Mart\u00edn G\u00f6erling\u00a0(Misiones).<\/p>\n<p>La Libertad Avanza debutar\u00e1 con miembros propios en el Senado: llegan\u00a0Francisco Paoltroni\u00a0(Formosa);\u00a0Ezequiel Atauche\u00a0y\u00a0Vilma Bedia\u00a0(Jujuy);\u00a0Juan Carlos Pagotto\u00a0(La Rioja);\u00a0Bruno Olivera Lucero\u00a0(San Juan);\u00a0Bartolom\u00e9 Abdala\u00a0e\u00a0Ivanna Arrascaeta\u00a0(San Luis).<\/p>\n<p>El resto de los senadores que prestar\u00e1n juramento son\u00a0Carlos Arce\u00a0y\u00a0Sonia Rojas Decut, del Frente de la Concordia Misionero; y\u00a0Jos\u00e9 Mar\u00eda Carambia\u00a0y\u00a0Natalia Gadano, de Por Santa Cruz, el frente referenciado en el nuevo gobernador de esa provincia,\u00a0Claudio Vidal.<\/p>\n<p><strong>En la C\u00e1mara de Diputados, Uni\u00f3n por la Patria fue la fuerza m\u00e1s votada en octubre y logr\u00f3 58 bancas, mientras que La Libertad Avanza consigui\u00f3 35 y Juntos por el Cambio 32<\/strong>.<\/p>\n<p>Algunas de las figuras resonantes que <strong>jurar\u00e1n el 7 de diciembre<\/strong> son\u00a0Miguel Pichetto\u00a0(Peronismo Republicano),\u00a0Santiago Cafiero\u00a0(Uni\u00f3n por la Patria),\u00a0Nicol\u00e1s Massot\u00a0(Encuentro Federal),\u00a0Alberto \u201cBertie\u201d Benegas Lynch\u00a0(La Libertad Avanza)\u00a0y Lilia Lemoine\u00a0(La Libertad Avanza).\u00a0<strong>(VW)<\/strong><\/p>\n","protected":false},"excerpt":{"rendered":"<p>El 29 de noviembre ser\u00e1 la jura de los 24 nuevos senadores nacionales. Mientras que el 7 de diciembre es la fecha para los 130 nuevos diputados.<\/p>\n","protected":false},"author":4,"featured_media":12685,"comment_status":"closed","ping_status":"closed","sticky":false,"template":"","format":"standard","meta":{"_monsterinsights_skip_tracking":false,"_monsterinsights_sitenote_active":false,"_monsterinsights_sitenote_note":"","_monsterinsights_sitenote_category":0,"footnotes":""},"categories":[4],"tags":[485,5269],"class_list":["post-12684","post","type-post","status-publish","format-standard","has-post-thumbnail","hentry","category-politica","tag-congreso","tag-jura-de-senadores-y-diputados"],"_links":{"self":[{"href":"https:\/\/www.visionweb.com.ar\/index.php?rest_route=\/wp\/v2\/posts\/12684","targetHints":{"allow":["GET"]}}],"collection":[{"href":"https:\/\/www.visionweb.com.ar\/index.php?rest_route=\/wp\/v2\/posts"}],"about":[{"href":"https:\/\/www.visionweb.com.ar\/index.php?rest_route=\/wp\/v2\/types\/post"}],"author":[{"embeddable":true,"href":"https:\/\/www.visionweb.com.ar\/index.php?rest_route=\/wp\/v2\/users\/4"}],"replies":[{"embeddable":true,"href":"https:\/\/www.visionweb.com.ar\/index.php?rest_route=%2Fwp%2Fv2%2Fcomments&post=12684"}],"version-history":[{"count":1,"href":"https:\/\/www.visionweb.com.ar\/index.php?rest_route=\/wp\/v2\/posts\/12684\/revisions"}],"predecessor-version":[{"id":12686,"href":"https:\/\/www.visionweb.com.ar\/index.php?rest_route=\/wp\/v2\/posts\/12684\/revisions\/12686"}],"wp:featuredmedia":[{"embeddable":true,"href":"https:\/\/www.visionweb.com.ar\/index.php?rest_route=\/wp\/v2\/media\/12685"}],"wp:attachment":[{"href":"https:\/\/www.visionweb.com.ar\/index.php?rest_route=%2Fwp%2Fv2%2Fmedia&parent=12684"}],"wp:term":[{"taxonomy":"category","embeddable":true,"href":"https:\/\/www.visionweb.com.ar\/index.php?rest_route=%2Fwp%2Fv2%2Fcategories&post=12684"},{"taxonomy":"post_tag","embeddable":true,"href":"https:\/\/www.visionweb.com.ar\/index.php?rest_route=%2Fwp%2Fv2%2Ftags&post=12684"}],"curies":[{"name":"wp","href":"https:\/\/api.w.org\/{rel}","templated":true}]}}