{"id":12682,"date":"2023-11-24T13:52:00","date_gmt":"2023-11-24T16:52:00","guid":{"rendered":"https:\/\/www.visionweb.com.ar\/?p=12682"},"modified":"2023-11-24T13:52:00","modified_gmt":"2023-11-24T16:52:00","slug":"ate-solicito-que-se-adelante-el-pago-del-aguinaldo","status":"publish","type":"post","link":"https:\/\/www.visionweb.com.ar\/?p=12682","title":{"rendered":"ATE solicit\u00f3 que se adelante el pago del aguinaldo"},"content":{"rendered":"<p><em><strong>Lo hizo mediante un pedido formal al actual gobierno de Alberto Fern\u00e1ndez.<\/strong><\/em><!--more--><\/p>\n<p><strong>\u00a0 <img loading=\"lazy\" decoding=\"async\" class=\"size-medium wp-image-9325 alignright\" src=\"https:\/\/www.visionweb.com.ar\/wp-content\/uploads\/2023\/01\/plata-300x226.jpg\" alt=\"\" width=\"300\" height=\"226\" srcset=\"https:\/\/www.visionweb.com.ar\/wp-content\/uploads\/2023\/01\/plata-300x226.jpg 300w, https:\/\/www.visionweb.com.ar\/wp-content\/uploads\/2023\/01\/plata-320x240.jpg 320w, https:\/\/www.visionweb.com.ar\/wp-content\/uploads\/2023\/01\/plata.bmp 397w\" sizes=\"auto, (max-width: 300px) 100vw, 300px\" \/>\u00a0\u00a0 L<\/strong>a<strong> Asociaci\u00f3n de Trabajadores del Estado (<\/strong><strong><a href=\"https:\/\/twitter.com\/ateprensa\">ATE<\/a><\/strong><strong>) <\/strong>solicit\u00f3 al Ministerio de Trabajo que se <strong>adelante<\/strong> el <strong>pago<\/strong> <strong>del<\/strong> <strong>aguinaldo<\/strong>, debido a la incertidumbre.<\/p>\n<p>ATE envi\u00f3 un pedido formal para que Alberto Fern\u00e1ndez haga valer la Resoluci\u00f3n 241\/18, que\u00a0<strong>habilita a liquidar el pago del medio aguinaldo a partir del primer d\u00eda h\u00e1bil de diciembre<\/strong>.<\/p>\n<p><strong>Frente al nuevo presidente electo, <\/strong>Rodolfo Aguiar,<strong> se\u00f1al\u00f3 que: \u201cLas declaraciones de Javier Milei nos dejan ante un escenario de incertidumbre respecto al pago del Sueldo Anual Complementario\u201d<\/strong>, explic\u00f3.<\/p>\n<p>El dirigente apunt\u00f3 que \u201cno es una opci\u00f3n del Presidente obviar el pago del aguinaldo\u201d.<\/p>\n<p>Cabe mencionar que el <strong>aguinaldo es un derecho conquistado en diciembre de 1945, <\/strong>que se cumple ininterrumpidamente desde hace 78 a\u00f1os, incorporado a la Ley de Contrato de Trabajo 20.744. <strong>(VW)<\/strong><\/p>\n<p>&nbsp;<\/p>\n","protected":false},"excerpt":{"rendered":"<p>Lo hizo mediante un pedido formal al actual gobierno de Alberto Fern\u00e1ndez.<\/p>\n","protected":false},"author":4,"featured_media":9325,"comment_status":"closed","ping_status":"closed","sticky":false,"template":"","format":"standard","meta":{"_monsterinsights_skip_tracking":false,"_monsterinsights_sitenote_active":false,"_monsterinsights_sitenote_note":"","_monsterinsights_sitenote_category":0,"footnotes":""},"categories":[4,5],"tags":[5267,2719,5268],"class_list":["post-12682","post","type-post","status-publish","format-standard","has-post-thumbnail","hentry","category-politica","category-sociedad","tag-adelantar-aguinaldo","tag-ate","tag-pedido-formal"],"_links":{"self":[{"href":"https:\/\/www.visionweb.com.ar\/index.php?rest_route=\/wp\/v2\/posts\/12682","targetHints":{"allow":["GET"]}}],"collection":[{"href":"https:\/\/www.visionweb.com.ar\/index.php?rest_route=\/wp\/v2\/posts"}],"about":[{"href":"https:\/\/www.visionweb.com.ar\/index.php?rest_route=\/wp\/v2\/types\/post"}],"author":[{"embeddable":true,"href":"https:\/\/www.visionweb.com.ar\/index.php?rest_route=\/wp\/v2\/users\/4"}],"replies":[{"embeddable":true,"href":"https:\/\/www.visionweb.com.ar\/index.php?rest_route=%2Fwp%2Fv2%2Fcomments&post=12682"}],"version-history":[{"count":1,"href":"https:\/\/www.visionweb.com.ar\/index.php?rest_route=\/wp\/v2\/posts\/12682\/revisions"}],"predecessor-version":[{"id":12683,"href":"https:\/\/www.visionweb.com.ar\/index.php?rest_route=\/wp\/v2\/posts\/12682\/revisions\/12683"}],"wp:featuredmedia":[{"embeddable":true,"href":"https:\/\/www.visionweb.com.ar\/index.php?rest_route=\/wp\/v2\/media\/9325"}],"wp:attachment":[{"href":"https:\/\/www.visionweb.com.ar\/index.php?rest_route=%2Fwp%2Fv2%2Fmedia&parent=12682"}],"wp:term":[{"taxonomy":"category","embeddable":true,"href":"https:\/\/www.visionweb.com.ar\/index.php?rest_route=%2Fwp%2Fv2%2Fcategories&post=12682"},{"taxonomy":"post_tag","embeddable":true,"href":"https:\/\/www.visionweb.com.ar\/index.php?rest_route=%2Fwp%2Fv2%2Ftags&post=12682"}],"curies":[{"name":"wp","href":"https:\/\/api.w.org\/{rel}","templated":true}]}}