{"id":12678,"date":"2023-11-24T07:08:01","date_gmt":"2023-11-24T10:08:01","guid":{"rendered":"https:\/\/www.visionweb.com.ar\/?p=12678"},"modified":"2023-11-24T07:08:01","modified_gmt":"2023-11-24T10:08:01","slug":"confirmado-bullrich-sera-la-ministra-de-seguridad-de-milei","status":"publish","type":"post","link":"https:\/\/www.visionweb.com.ar\/?p=12678","title":{"rendered":"Confirmado: Bullrich ser\u00e1 la ministra de Seguridad de MIlei"},"content":{"rendered":"<p><em><strong>Es doctora en ciencia pol\u00edtica y en los inicios de su carrera, Bullrich milit\u00f3 en la Juventud Peronista (JP), se exili\u00f3 durante la dictadura y luego regres\u00f3 al pa\u00eds tras la finalizaci\u00f3n de la Guerra de Malvinas.<\/strong><\/em><!--more--><\/p>\n<div id=\"attachment_12679\" style=\"width: 310px\" class=\"wp-caption alignright\"><img loading=\"lazy\" decoding=\"async\" aria-describedby=\"caption-attachment-12679\" class=\"wp-image-12679 size-medium\" src=\"https:\/\/www.visionweb.com.ar\/wp-content\/uploads\/2023\/11\/BULLRICH-Y-MILEI-300x169.png\" alt=\"\" width=\"300\" height=\"169\" srcset=\"https:\/\/www.visionweb.com.ar\/wp-content\/uploads\/2023\/11\/BULLRICH-Y-MILEI-300x169.png 300w, https:\/\/www.visionweb.com.ar\/wp-content\/uploads\/2023\/11\/BULLRICH-Y-MILEI.png 640w\" sizes=\"auto, (max-width: 300px) 100vw, 300px\" \/><p id=\"caption-attachment-12679\" class=\"wp-caption-text\"><em><strong>Bullrich fue designada por MIlei en Seguridad en las \u00faltimas horas (Foto: TN) <\/strong><\/em><\/p><\/div>\n<p><strong>C<\/strong>onfirmado, la ex candidata presidencial de Juntos por el Cambio Patricia Bullrich ser\u00e1 la ministro de Seguridad de Javier Milei, a partir del pr\u00f3ximo\u00a0 el pr\u00f3ximo 10 de diciembre, cuando se cumplan exactamente cuatro a\u00f1os de haber dejado ese mismo cargo.<\/p>\n<p>Con otro presidente, otra fuerza en el poder y tras cuatro a\u00f1os en la oposici\u00f3n, Bullrich volver\u00e1 a ocupar el mismo sill\u00f3n en la sede del Ministerio ubicado en Gelly y Obes de esta ciudad, confirmron desde la oficia e prensa del Presidente electo<\/p>\n<p>Durante 2015 y 2019 se encarg\u00f3 de la cartera de Seguridad del gobierno de Mauricio Macri, a quien sigui\u00f3 semanas atr\u00e1s en la idea de aliarse con Milei, seg\u00fan informaron varios medios digitales.<\/p>\n<p>Si bien hab\u00eda dicho que si aceptaba alg\u00fan lugar en el nuevo gobierno no iba a ser en Seguridad, finalmente las negociaciones entre el libertario y Macri la colocaron por segunda vez al frente del Ministerio.<\/p>\n<p>La relaci\u00f3n con Milei fue buena antes de las PASO, pero se tens\u00f3 al m\u00e1ximo durante la competencia despu\u00e9s del 13 de agosto, cuando el ahora presiente electo la tild\u00f3 de \u201cmontonera tira bombas\u201d.<\/p>\n<p>Eso le vali\u00f3 una denuncia judicial al libertario, que se desactiv\u00f3 en el momento exacto en que d\u00edas despu\u00e9s de la victoria de Sergio Massa en la primera vuelta, anunciara en conferencia de prensa su apoyo a Milei rumbo al balotaje.<\/p>\n<p>Nacida en 1956, es doctora en ciencia pol\u00edtica y en los inicios de su carrera, Bullrich milit\u00f3 en la Juventud Peronista (JP), se exili\u00f3 durante la dictadura y luego regres\u00f3 al pa\u00eds tras la finalizaci\u00f3n de la Guerra de Malvinas.<\/p>\n<p>Fue integrante de la Alianza y se desempe\u00f1\u00f3 como ministra de Trabajo de Fernando de la R\u00faa, teniendo a cargo la tarea de anunciar el 13% de recorte a los jubilados y trabajadores estatales antes de que el radical renunciara al cargo.<\/p>\n<p>Fue diputada nacional en varias oportunidades y antes de llegar al PRO y convertirse en la presidenta del PRO integr\u00f3 las filas de la Coalici\u00f3n C\u00edvica, hasta que se distanci\u00f3 de Elisa Carri\u00f3.<\/p>\n<p>Como ministra de Seguridad de Macri tuvo buena relaci\u00f3n con las fuerzas y el caso que marc\u00f3 su gesti\u00f3n fue la muerte de Santiago Maldonado durante un operativo de Gendarmer\u00eda en R\u00edo Negro<strong>(VW)<\/strong>.<\/p>\n","protected":false},"excerpt":{"rendered":"<p>Es doctora en ciencia pol\u00edtica y en los inicios de su carrera, Bullrich milit\u00f3 en la Juventud Peronista (JP), se exili\u00f3 durante la dictadura y luego regres\u00f3 al pa\u00eds tras la finalizaci\u00f3n de la&#46;&#46;&#46;<\/p>\n","protected":false},"author":3,"featured_media":12679,"comment_status":"closed","ping_status":"closed","sticky":false,"template":"","format":"standard","meta":{"_monsterinsights_skip_tracking":false,"_monsterinsights_sitenote_active":false,"_monsterinsights_sitenote_note":"","_monsterinsights_sitenote_category":0,"footnotes":""},"categories":[4],"tags":[504,4232,4530,529],"class_list":["post-12678","post","type-post","status-publish","format-standard","has-post-thumbnail","hentry","category-politica","tag-bullrich","tag-gendarmeria","tag-milei","tag-seguridad"],"_links":{"self":[{"href":"https:\/\/www.visionweb.com.ar\/index.php?rest_route=\/wp\/v2\/posts\/12678","targetHints":{"allow":["GET"]}}],"collection":[{"href":"https:\/\/www.visionweb.com.ar\/index.php?rest_route=\/wp\/v2\/posts"}],"about":[{"href":"https:\/\/www.visionweb.com.ar\/index.php?rest_route=\/wp\/v2\/types\/post"}],"author":[{"embeddable":true,"href":"https:\/\/www.visionweb.com.ar\/index.php?rest_route=\/wp\/v2\/users\/3"}],"replies":[{"embeddable":true,"href":"https:\/\/www.visionweb.com.ar\/index.php?rest_route=%2Fwp%2Fv2%2Fcomments&post=12678"}],"version-history":[{"count":1,"href":"https:\/\/www.visionweb.com.ar\/index.php?rest_route=\/wp\/v2\/posts\/12678\/revisions"}],"predecessor-version":[{"id":12680,"href":"https:\/\/www.visionweb.com.ar\/index.php?rest_route=\/wp\/v2\/posts\/12678\/revisions\/12680"}],"wp:featuredmedia":[{"embeddable":true,"href":"https:\/\/www.visionweb.com.ar\/index.php?rest_route=\/wp\/v2\/media\/12679"}],"wp:attachment":[{"href":"https:\/\/www.visionweb.com.ar\/index.php?rest_route=%2Fwp%2Fv2%2Fmedia&parent=12678"}],"wp:term":[{"taxonomy":"category","embeddable":true,"href":"https:\/\/www.visionweb.com.ar\/index.php?rest_route=%2Fwp%2Fv2%2Fcategories&post=12678"},{"taxonomy":"post_tag","embeddable":true,"href":"https:\/\/www.visionweb.com.ar\/index.php?rest_route=%2Fwp%2Fv2%2Ftags&post=12678"}],"curies":[{"name":"wp","href":"https:\/\/api.w.org\/{rel}","templated":true}]}}