{"id":12675,"date":"2023-11-24T06:43:44","date_gmt":"2023-11-24T09:43:44","guid":{"rendered":"https:\/\/www.visionweb.com.ar\/?p=12675"},"modified":"2023-11-24T06:43:44","modified_gmt":"2023-11-24T09:43:44","slug":"gente-de-arte-organiza-encuentro-a-orillas-del-riachuelo","status":"publish","type":"post","link":"https:\/\/www.visionweb.com.ar\/?p=12675","title":{"rendered":"Gente de Arte organiza encuentro a orillas del Riachuelo"},"content":{"rendered":"<p><em><strong>Ser\u00e1 este s\u00e1bado con la participaci\u00f3n de artistas pl\u00e1sticos, fot\u00f3grafos, profesores, alumnos.El 20 de diciembre se conocer\u00e1n los ganadores en una muestra organizada por Gente del Arte de Avellaneda.<\/strong><\/em>\u00a0 <!--more--><\/p>\n<p><strong><img loading=\"lazy\" decoding=\"async\" class=\"size-medium wp-image-12676 alignright\" src=\"https:\/\/www.visionweb.com.ar\/wp-content\/uploads\/2023\/11\/GENTE-DE-ARTE-300x166.png\" alt=\"\" width=\"300\" height=\"166\" srcset=\"https:\/\/www.visionweb.com.ar\/wp-content\/uploads\/2023\/11\/GENTE-DE-ARTE-300x166.png 300w, https:\/\/www.visionweb.com.ar\/wp-content\/uploads\/2023\/11\/GENTE-DE-ARTE.png 640w\" sizes=\"auto, (max-width: 300px) 100vw, 300px\" \/>O<\/strong>rganizado por el Grupo Gente de Arte de Avellaneda, este s\u00e1bado se realizar\u00e1 una nueva edici\u00f3n de Encuentros en la orilla, sobre la riveras sur del Riachuelo, en Carlos Pellegrini y Florentino Ameghino, frente a los silos.<\/p>\n<p>Este encuentro abierto de arte contempor\u00e1neo \u201cproporciona una oportunidad \u00fanica para que\u00a0<strong>artistas, profesores, alumnos, pintores, fot\u00f3grafos y el p\u00fablico en general se sumerjan en la creatividad del lugar\u00a0<\/strong>y creen obras inspiradas en la ribera del Riachuelo\u201d, se\u00f1ala la entidad cultural.<\/p>\n<p>Durante el encuentro se llevar\u00e1 a cabo un\u00a0<strong>concurso abierto de pintura y fotograf\u00eda, en el cual los participantes podr\u00e1n capturar im\u00e1genes y situaciones\u00a0<\/strong>en la ribera para luego convertirlas en obras de arte mientras la m\u00fasica en vivo de DJs acompa\u00f1ar\u00e1 el encuentro a lo largo de la tarde.<\/p>\n<p>Las obras que participen en el concurso\u00a0<strong>deber\u00e1n ser originales e in\u00e9ditas, creadas en el lugar<\/strong>. El tema ser\u00e1 libre y tiene por objetivo estimular la creatividad, propiciar las producciones art\u00edsticas independientes creadas en territorio y promover la difusi\u00f3n cultural de la zona.<\/p>\n<p>La muestra de las obras presentadas se inaugurar\u00e1 el\u00a0<strong>20 de diciembre a las 19 en la sede de Gente de Arte, Alsina 234<\/strong>, oportunidad en que se entregar\u00e1n los premios que haya otorgado el jurado.<\/p>\n<p>Los interesados en participar pueden solicitar las bases del concurso en\u00a0<strong>Alsina 234, Avellaneda, de lunes a viernes de 16 a 19 y s\u00e1bados de 10 a 13 y 16 a 19<\/strong>, o comunicarse por tel\u00e9fono al 4201-7663.<\/p>\n<p>Tambi\u00e9n pueden obtener informaci\u00f3n a trav\u00e9s\u00a0<a href=\"http:\/\/www.gentedearte.org.ar\/\">de la web<\/a>, por\u00a0<a href=\"https:\/\/www.inforegion.com.ar\/2023\/11\/23\/gente-de-arte-organiza-encuentros-en-la-orilla-en-avellaneda\/info@gentedearte.org.ar\">correo electr\u00f3nico<\/a>, o mediante WhatsApp al 11-6852-1681.\u00a0Adem\u00e1s, pueden seguir las redes sociales de Gente de Arte en\u00a0<a href=\"https:\/\/www.instagram.com\/gente.de.arte\">Instagram<\/a>\u00a0y\u00a0<a href=\"https:\/\/www.facebook.com\/gentedearte\">Facebook<\/a><\/p>\n<p><strong>(VW)<\/strong><\/p>\n<p>&nbsp;<\/p>\n","protected":false},"excerpt":{"rendered":"<p>Ser\u00e1 este s\u00e1bado con la participaci\u00f3n de artistas pl\u00e1sticos, fot\u00f3grafos, profesores, alumnos.El 20 de diciembre se conocer\u00e1n los ganadores en una muestra organizada por Gente del Arte de Avellaneda.\u00a0<\/p>\n","protected":false},"author":3,"featured_media":12676,"comment_status":"closed","ping_status":"closed","sticky":false,"template":"","format":"standard","meta":{"_monsterinsights_skip_tracking":false,"_monsterinsights_sitenote_active":false,"_monsterinsights_sitenote_note":"","_monsterinsights_sitenote_category":0,"footnotes":""},"categories":[7],"tags":[],"class_list":["post-12675","post","type-post","status-publish","format-standard","has-post-thumbnail","hentry","category-educacion-y-cultura"],"_links":{"self":[{"href":"https:\/\/www.visionweb.com.ar\/index.php?rest_route=\/wp\/v2\/posts\/12675","targetHints":{"allow":["GET"]}}],"collection":[{"href":"https:\/\/www.visionweb.com.ar\/index.php?rest_route=\/wp\/v2\/posts"}],"about":[{"href":"https:\/\/www.visionweb.com.ar\/index.php?rest_route=\/wp\/v2\/types\/post"}],"author":[{"embeddable":true,"href":"https:\/\/www.visionweb.com.ar\/index.php?rest_route=\/wp\/v2\/users\/3"}],"replies":[{"embeddable":true,"href":"https:\/\/www.visionweb.com.ar\/index.php?rest_route=%2Fwp%2Fv2%2Fcomments&post=12675"}],"version-history":[{"count":1,"href":"https:\/\/www.visionweb.com.ar\/index.php?rest_route=\/wp\/v2\/posts\/12675\/revisions"}],"predecessor-version":[{"id":12677,"href":"https:\/\/www.visionweb.com.ar\/index.php?rest_route=\/wp\/v2\/posts\/12675\/revisions\/12677"}],"wp:featuredmedia":[{"embeddable":true,"href":"https:\/\/www.visionweb.com.ar\/index.php?rest_route=\/wp\/v2\/media\/12676"}],"wp:attachment":[{"href":"https:\/\/www.visionweb.com.ar\/index.php?rest_route=%2Fwp%2Fv2%2Fmedia&parent=12675"}],"wp:term":[{"taxonomy":"category","embeddable":true,"href":"https:\/\/www.visionweb.com.ar\/index.php?rest_route=%2Fwp%2Fv2%2Fcategories&post=12675"},{"taxonomy":"post_tag","embeddable":true,"href":"https:\/\/www.visionweb.com.ar\/index.php?rest_route=%2Fwp%2Fv2%2Ftags&post=12675"}],"curies":[{"name":"wp","href":"https:\/\/api.w.org\/{rel}","templated":true}]}}