{"id":12663,"date":"2023-11-24T08:52:17","date_gmt":"2023-11-24T11:52:17","guid":{"rendered":"https:\/\/www.visionweb.com.ar\/?p=12663"},"modified":"2023-11-23T19:42:28","modified_gmt":"2023-11-23T22:42:28","slug":"secco-kicillof-debera-liderar-la-oposicion","status":"publish","type":"post","link":"https:\/\/www.visionweb.com.ar\/?p=12663","title":{"rendered":"Secco: \u00abK\u00edcillof deber\u00e1 liderar la oposici\u00f3n\u00bb"},"content":{"rendered":"<p><strong><em>As\u00ed lo asegur\u00f3 el intendente e Ensenada, uno de los referentes del kirchnerismo bonaerense. Quieren apostar a lka reconstrucci\u00f3n de Uni\u00f3n por La Patria.<\/em><\/strong><!--more--><\/p>\n<div id=\"attachment_12664\" style=\"width: 310px\" class=\"wp-caption alignright\"><img loading=\"lazy\" decoding=\"async\" aria-describedby=\"caption-attachment-12664\" class=\"wp-image-12664 size-medium\" src=\"https:\/\/www.visionweb.com.ar\/wp-content\/uploads\/2023\/11\/SECCO-Y-KICILLOF-300x171.png\" alt=\"\" width=\"300\" height=\"171\" srcset=\"https:\/\/www.visionweb.com.ar\/wp-content\/uploads\/2023\/11\/SECCO-Y-KICILLOF-300x171.png 300w, https:\/\/www.visionweb.com.ar\/wp-content\/uploads\/2023\/11\/SECCO-Y-KICILLOF.png 640w\" sizes=\"auto, (max-width: 300px) 100vw, 300px\" \/><p id=\"caption-attachment-12664\" class=\"wp-caption-text\">El gobernador Axel Kicillof y el intendente de Ensenada, Mario Secco (Foto: Agencias)<\/p><\/div>\n<p>Mario Secco, intendente de Ensenada y uno de los referentes del kirchnerismo bonaerense, culp\u00f3 al presidente Alberto Fern\u00e1ndez y a Cristina Fern\u00e1ndez\u00a0 por la derrota que sufri\u00f3\u00a0 Uni\u00f3n por la Patria (UxP), la coalici\u00f3n oficialista\u00a0 en las elecciones del domingo \u00faltimo que dieron como ganador a Javier Milei, el referente de la Libertad Avanza(LLA)<\/p>\n<p>En se sentido, el intendente Secco , dijo que \u00abKicillof tiene que conducir la oposici\u00f3n\u00bb y apunt\u00f3 a Alberto Fern\u00e1ndez y Cristina Kirchner por la derrota.<\/p>\n<p>Asegur\u00f3 que Kicillof \u201ces una gran alternativa\u201d de cara al futuro armado de un nuevo frente nacional y popular.<\/p>\n<p>Para el funcionario, es evidente que \u201cel peronismo se va a reorganizar atr\u00e1s de la \u00fanica propuesta fuerte\u201d que tiene, que es, justamente, la del Gobernador bonaerense.<\/p>\n<p>El triunfo de Javier Milei a nivel nacional sacudi\u00f3 la arena pol\u00edtica justicialista y los referentes de UxP deber\u00e1n replantearse c\u00f3mo encarar cuatro a\u00f1os de oposici\u00f3n a un gobierno que tiene como referencia la escuela austriaca y que ya adelant\u00f3 que habr\u00e1 un ajuste brutal y duros meses por delante.<\/p>\n<p>En este contexto, todas las miradas se posaron sobre la Provincia de Buenos Aires, el gran basti\u00f3n de poder que logr\u00f3 retener el oficialista Axel Kicillof por su gran caudal de votos y su extrema importancia en cuanto al apoyo de la poblaci\u00f3n.<\/p>\n<p>En declaraciones a la AM750, el intendente de Ensenada, reconoci\u00f3 que: \u00abTodos somos responsables. Kicillof es una gran alternativa de cara al futuro armado de un nuevo frente nacional y popular\u00bb.<\/p>\n<p>Para el funcionario, es evidente que \u201cel peronismo se va a reorganizar detr\u00e1s de la \u00fanica propuesta fuerte\u00bb que tiene, que es la del Gobernador\u00bb.<\/p>\n<p>\u201cAxel gan\u00f3 por 20 puntos en una provincia que es un tercio del pa\u00eds. Fue la mejor elecci\u00f3n a nivel nacional. Y nunca se vio que un gobernador ganara sin que ganara el presidente\u201d, precis\u00f3.<\/p>\n<p>Frente a una consulta de por d\u00f3nde pasa la reconstrucci\u00f3n del frente UxP, sostuvo que \u00abKicillof\u00a0 puede liderar la oposici\u00f3n\u201d.<\/p>\n<p>\u00abTodos estos libertarios van a ir por el Gobernador. Se la van a complicar para que no llegue. Porque no quieren que Axel llegue. Lo van a bombardear por todos lados\u201d, cerr\u00f3.<strong>(VW)<\/strong><\/p>\n","protected":false},"excerpt":{"rendered":"<p>As\u00ed lo asegur\u00f3 el intendente e Ensenada, uno de los referentes del kirchnerismo bonaerense. Quieren apostar a lka reconstrucci\u00f3n de Uni\u00f3n por La Patria.<\/p>\n","protected":false},"author":3,"featured_media":12664,"comment_status":"closed","ping_status":"closed","sticky":false,"template":"","format":"standard","meta":{"_monsterinsights_skip_tracking":false,"_monsterinsights_sitenote_active":false,"_monsterinsights_sitenote_note":"","_monsterinsights_sitenote_category":0,"footnotes":""},"categories":[4],"tags":[167,869,4530,1729,3329],"class_list":["post-12663","post","type-post","status-publish","format-standard","has-post-thumbnail","hentry","category-politica","tag-kicillof","tag-massa","tag-milei","tag-oposicion","tag-secco"],"_links":{"self":[{"href":"https:\/\/www.visionweb.com.ar\/index.php?rest_route=\/wp\/v2\/posts\/12663","targetHints":{"allow":["GET"]}}],"collection":[{"href":"https:\/\/www.visionweb.com.ar\/index.php?rest_route=\/wp\/v2\/posts"}],"about":[{"href":"https:\/\/www.visionweb.com.ar\/index.php?rest_route=\/wp\/v2\/types\/post"}],"author":[{"embeddable":true,"href":"https:\/\/www.visionweb.com.ar\/index.php?rest_route=\/wp\/v2\/users\/3"}],"replies":[{"embeddable":true,"href":"https:\/\/www.visionweb.com.ar\/index.php?rest_route=%2Fwp%2Fv2%2Fcomments&post=12663"}],"version-history":[{"count":3,"href":"https:\/\/www.visionweb.com.ar\/index.php?rest_route=\/wp\/v2\/posts\/12663\/revisions"}],"predecessor-version":[{"id":12667,"href":"https:\/\/www.visionweb.com.ar\/index.php?rest_route=\/wp\/v2\/posts\/12663\/revisions\/12667"}],"wp:featuredmedia":[{"embeddable":true,"href":"https:\/\/www.visionweb.com.ar\/index.php?rest_route=\/wp\/v2\/media\/12664"}],"wp:attachment":[{"href":"https:\/\/www.visionweb.com.ar\/index.php?rest_route=%2Fwp%2Fv2%2Fmedia&parent=12663"}],"wp:term":[{"taxonomy":"category","embeddable":true,"href":"https:\/\/www.visionweb.com.ar\/index.php?rest_route=%2Fwp%2Fv2%2Fcategories&post=12663"},{"taxonomy":"post_tag","embeddable":true,"href":"https:\/\/www.visionweb.com.ar\/index.php?rest_route=%2Fwp%2Fv2%2Ftags&post=12663"}],"curies":[{"name":"wp","href":"https:\/\/api.w.org\/{rel}","templated":true}]}}