{"id":12660,"date":"2023-11-23T00:03:35","date_gmt":"2023-11-23T03:03:35","guid":{"rendered":"https:\/\/www.visionweb.com.ar\/?p=12660"},"modified":"2023-11-23T00:03:35","modified_gmt":"2023-11-23T03:03:35","slug":"grindetti-sera-jefe-de-gabinete-porteno-en-la-gestion-de-jorge-macri","status":"publish","type":"post","link":"https:\/\/www.visionweb.com.ar\/?p=12660","title":{"rendered":"Grindetti ser\u00e1 jefe de Gabinete porte\u00f1o en la gesti\u00f3n de Jorge Macri"},"content":{"rendered":"<p><em><strong>A partir del 10 de diciembre estar\u00e1 al frente de la jefatura de Gabinete de Caba.<\/strong><\/em><!--more--><\/p>\n<p><img loading=\"lazy\" decoding=\"async\" class=\"size-medium wp-image-12661 alignright\" src=\"https:\/\/www.visionweb.com.ar\/wp-content\/uploads\/2023\/11\/jorge-macri-y-grindetti-300x200.png\" alt=\"\" width=\"300\" height=\"200\" srcset=\"https:\/\/www.visionweb.com.ar\/wp-content\/uploads\/2023\/11\/jorge-macri-y-grindetti-300x200.png 300w, https:\/\/www.visionweb.com.ar\/wp-content\/uploads\/2023\/11\/jorge-macri-y-grindetti.png 525w\" sizes=\"auto, (max-width: 300px) 100vw, 300px\" \/>\u00a0 <strong>E<\/strong>l jefe comunal de Lan\u00fas,\u00a0<strong>N\u00e9stor Grindetti, formar\u00e1 parte de la gesti\u00f3n de Jorge Macri en la Ciudad de Buenos Aires\u00a0<\/strong>donde fue funcionario hasta 2015.<\/p>\n<p>El dirigente PRO ser\u00e1 jefe de Gabinete porte\u00f1o cuando asuma el primo Macri. Aunque se especul\u00f3 que podr\u00eda tomar cargo de la antigua cartera que manejaba (Hacienda), fuentes municipales confirmaron que estar\u00e1 en la jefatura de Gabinete.<\/p>\n<p>De esta manera, Grindetti retomar\u00e1 su carrera pol\u00edtica y podr\u00e1 rearmar el espacio, luego de postularse como gobernador de la Provincia.<\/p>\n<p>En la elecci\u00f3n del pasado domingo, el equipo de Grindetti fiscaliz\u00f3 para la LLA y fue uno de los dirigentes macristas que respald\u00f3 la decisi\u00f3n de Mauricio Macri y Patricia Bullrich de apoyar a Javier Milei.<\/p>\n<p>Actualmente adem\u00e1s es presidente del club Independiente.<\/p>\n<p>Resta saber c\u00f3mo se definir\u00e1 la C\u00e1mara de Diputados provincial que tiene como vicepresidente a su hombre de confianza, Adri\u00e1n Urreli.<\/p>\n<p>A la vez, deber\u00e1 encargarse de la transici\u00f3n local hacia el nuevo intendente Juli\u00e1n \u00c1lvarez. De la que participar\u00e1n Diego Kravetz y Dami\u00e1n Schiavone. <strong>(VW)<\/strong><\/p>\n","protected":false},"excerpt":{"rendered":"<p>A partir del 10 de diciembre estar\u00e1 al frente de la jefatura de Gabinete de Caba.<\/p>\n","protected":false},"author":4,"featured_media":12661,"comment_status":"closed","ping_status":"closed","sticky":false,"template":"","format":"standard","meta":{"_monsterinsights_skip_tracking":false,"_monsterinsights_sitenote_active":false,"_monsterinsights_sitenote_note":"","_monsterinsights_sitenote_category":0,"footnotes":""},"categories":[4],"tags":[330,5264,5263,4265],"class_list":["post-12660","post","type-post","status-publish","format-standard","has-post-thumbnail","hentry","category-politica","tag-caba","tag-jefe-de-gabinete","tag-jorge-macri","tag-nestor-grindetti"],"_links":{"self":[{"href":"https:\/\/www.visionweb.com.ar\/index.php?rest_route=\/wp\/v2\/posts\/12660","targetHints":{"allow":["GET"]}}],"collection":[{"href":"https:\/\/www.visionweb.com.ar\/index.php?rest_route=\/wp\/v2\/posts"}],"about":[{"href":"https:\/\/www.visionweb.com.ar\/index.php?rest_route=\/wp\/v2\/types\/post"}],"author":[{"embeddable":true,"href":"https:\/\/www.visionweb.com.ar\/index.php?rest_route=\/wp\/v2\/users\/4"}],"replies":[{"embeddable":true,"href":"https:\/\/www.visionweb.com.ar\/index.php?rest_route=%2Fwp%2Fv2%2Fcomments&post=12660"}],"version-history":[{"count":1,"href":"https:\/\/www.visionweb.com.ar\/index.php?rest_route=\/wp\/v2\/posts\/12660\/revisions"}],"predecessor-version":[{"id":12662,"href":"https:\/\/www.visionweb.com.ar\/index.php?rest_route=\/wp\/v2\/posts\/12660\/revisions\/12662"}],"wp:featuredmedia":[{"embeddable":true,"href":"https:\/\/www.visionweb.com.ar\/index.php?rest_route=\/wp\/v2\/media\/12661"}],"wp:attachment":[{"href":"https:\/\/www.visionweb.com.ar\/index.php?rest_route=%2Fwp%2Fv2%2Fmedia&parent=12660"}],"wp:term":[{"taxonomy":"category","embeddable":true,"href":"https:\/\/www.visionweb.com.ar\/index.php?rest_route=%2Fwp%2Fv2%2Fcategories&post=12660"},{"taxonomy":"post_tag","embeddable":true,"href":"https:\/\/www.visionweb.com.ar\/index.php?rest_route=%2Fwp%2Fv2%2Ftags&post=12660"}],"curies":[{"name":"wp","href":"https:\/\/api.w.org\/{rel}","templated":true}]}}