{"id":12649,"date":"2023-11-22T11:33:42","date_gmt":"2023-11-22T14:33:42","guid":{"rendered":"https:\/\/www.visionweb.com.ar\/?p=12649"},"modified":"2023-11-22T11:38:38","modified_gmt":"2023-11-22T14:38:38","slug":"trabajadores-de-la-salud-analizan-la-propuesta-bonaerense","status":"publish","type":"post","link":"https:\/\/www.visionweb.com.ar\/?p=12649","title":{"rendered":"Trabajadores de la Salud analizan la propuesta bonaerense"},"content":{"rendered":"<p><em><strong>En el \u00faltimo encuentro, el gobierno de Axel Kicillof ofreci\u00f3 un 28 por ciento de aumento para noviembre a CICOP, gremio que representa a los trabajadores de la salud.<\/strong><\/em><!--more--><\/p>\n<p><img loading=\"lazy\" decoding=\"async\" class=\"size-full wp-image-3082 alignright\" src=\"https:\/\/www.visionweb.com.ar\/wp-content\/uploads\/2021\/10\/cicop.bmp\" alt=\"\" width=\"505\" height=\"280\" \/><strong>L<\/strong>a Asociaci\u00f3n Sindical de Profesionales de la Salud de la provincia de Buenos Aires (Cicop) analiza una nueva oferta salarial, tras el rechazo inicial, del gobierno bonaerense.<\/p>\n<p>En el \u00faltimo encuentro, Cicop recibi\u00f3 una propuesta que contempla un aumento del 28 por ciento para noviembre. Tambi\u00e9n impactar\u00e1 en haberes de jubilados, residentes y becarios.<\/p>\n<p>\u201cLa oferta incluye la reapertura de las negociaciones en diciembre y continuidad de la Cl\u00e1usula de Monitoreo y Revisi\u00f3n\u201c, precis\u00f3 el gremio, informaron desde la entidad gremial.<\/p>\n<p>Adem\u00e1s, contempla una Mesa T\u00e9cnica para \u201cformalizar la creaci\u00f3n de una nueva bonificaci\u00f3n en la Ley 10.471 para el 2024\u201d.<\/p>\n<p>\u201cEl objetivo es jerarquizar el salario de lxs profesionales que hayan realizado una residencia completa\u201d, destacaron.<\/p>\n<p>La propuesta ser\u00e1 analizada en asambleas y en un Congreso Provincial de Delegados, que tendr\u00e1 lugar el viernes.<\/p>\n<p>Por el momento, el gobierno bonaerense logr\u00f3 cerrar acuerdos del 22 por ciento con el Frente de Unidad Docente Bonaerense (FUDB), y del 25% en el caso de la Asociaci\u00f3n Judicial Bonaerense (AJB) y ATE.<\/p>\n<p>El gobierno bonaerense ya cerr\u00f3 aumentos salariales a partir de noviembre para los docentes, un 22% y para los empelados estatales agrupados en ATE, que alcanz\u00f3 al 25% (V<strong>W)<\/strong><\/p>\n","protected":false},"excerpt":{"rendered":"<p>En el \u00faltimo encuentro, el gobierno de Axel Kicillof ofreci\u00f3 un 28 por ciento de aumento para noviembre a CICOP, gremio que representa a los trabajadores de la salud.<\/p>\n","protected":false},"author":3,"featured_media":3082,"comment_status":"closed","ping_status":"closed","sticky":false,"template":"","format":"standard","meta":{"_monsterinsights_skip_tracking":false,"_monsterinsights_sitenote_active":false,"_monsterinsights_sitenote_note":"","_monsterinsights_sitenote_category":0,"footnotes":""},"categories":[4],"tags":[58,435,5258,5257],"class_list":["post-12649","post","type-post","status-publish","format-standard","has-post-thumbnail","hentry","category-politica","tag-aumento","tag-cicop","tag-consideracion","tag-propuesta"],"_links":{"self":[{"href":"https:\/\/www.visionweb.com.ar\/index.php?rest_route=\/wp\/v2\/posts\/12649","targetHints":{"allow":["GET"]}}],"collection":[{"href":"https:\/\/www.visionweb.com.ar\/index.php?rest_route=\/wp\/v2\/posts"}],"about":[{"href":"https:\/\/www.visionweb.com.ar\/index.php?rest_route=\/wp\/v2\/types\/post"}],"author":[{"embeddable":true,"href":"https:\/\/www.visionweb.com.ar\/index.php?rest_route=\/wp\/v2\/users\/3"}],"replies":[{"embeddable":true,"href":"https:\/\/www.visionweb.com.ar\/index.php?rest_route=%2Fwp%2Fv2%2Fcomments&post=12649"}],"version-history":[{"count":4,"href":"https:\/\/www.visionweb.com.ar\/index.php?rest_route=\/wp\/v2\/posts\/12649\/revisions"}],"predecessor-version":[{"id":12653,"href":"https:\/\/www.visionweb.com.ar\/index.php?rest_route=\/wp\/v2\/posts\/12649\/revisions\/12653"}],"wp:featuredmedia":[{"embeddable":true,"href":"https:\/\/www.visionweb.com.ar\/index.php?rest_route=\/wp\/v2\/media\/3082"}],"wp:attachment":[{"href":"https:\/\/www.visionweb.com.ar\/index.php?rest_route=%2Fwp%2Fv2%2Fmedia&parent=12649"}],"wp:term":[{"taxonomy":"category","embeddable":true,"href":"https:\/\/www.visionweb.com.ar\/index.php?rest_route=%2Fwp%2Fv2%2Fcategories&post=12649"},{"taxonomy":"post_tag","embeddable":true,"href":"https:\/\/www.visionweb.com.ar\/index.php?rest_route=%2Fwp%2Fv2%2Ftags&post=12649"}],"curies":[{"name":"wp","href":"https:\/\/api.w.org\/{rel}","templated":true}]}}