{"id":12643,"date":"2023-11-22T09:27:39","date_gmt":"2023-11-22T12:27:39","guid":{"rendered":"https:\/\/www.visionweb.com.ar\/?p=12643"},"modified":"2023-11-22T09:29:21","modified_gmt":"2023-11-22T12:29:21","slug":"la-fiesta-del-queso-tendra-dos-escenarios-para-disfrutar-durante-todo-el-dia","status":"publish","type":"post","link":"https:\/\/www.visionweb.com.ar\/?p=12643","title":{"rendered":"La Fiesta del Queso tendr\u00e1 dos escenarios para disfrutar durante todo el d\u00eda"},"content":{"rendered":"<p><strong><em>El encuentro ofrecer\u00e1 a los visitantes la oportunidad de conocer de cerca la rica tradici\u00f3n quesera de Tandil y disfrutar de la diversidad de productos l\u00e1cteos que la regi\u00f3n tiene para ofrecer.<\/em><\/strong><!--more--><\/p>\n<p><img loading=\"lazy\" decoding=\"async\" class=\"size-medium wp-image-12644 alignright\" src=\"https:\/\/www.visionweb.com.ar\/wp-content\/uploads\/2023\/11\/FIESTA-PROVINCIAL-DEL-QUESO-TANDILERO-300x200.jpeg\" alt=\"\" width=\"300\" height=\"200\" srcset=\"https:\/\/www.visionweb.com.ar\/wp-content\/uploads\/2023\/11\/FIESTA-PROVINCIAL-DEL-QUESO-TANDILERO-300x200.jpeg 300w, https:\/\/www.visionweb.com.ar\/wp-content\/uploads\/2023\/11\/FIESTA-PROVINCIAL-DEL-QUESO-TANDILERO.jpeg 640w\" sizes=\"auto, (max-width: 300px) 100vw, 300px\" \/>La Fiesta del Queso Tandilero, que tendr\u00e1 lugar 1, 2 y 3 de diciembre en la Diagonal del Parque Independencia, contar\u00e1 en esta edici\u00f3n con una innovaci\u00f3n que promete elevar la experiencia de todos los amantes del queso, la gastronom\u00eda y la diversi\u00f3n.<\/p>\n<p>En su quinta realizaci\u00f3n, la del Bicentenario de Tandil, la fiesta contar\u00e1 con dos escenarios distintos, garantizando una jornada llena de entretenimiento y sabores inigualables. Ambos espacios contar\u00e1n con la conducci\u00f3n del locutor Rodrigo Revillo.<\/p>\n<p>Como todos los a\u00f1os, junto con la Subsecretar\u00eda de Cultura del Municipio se viene diagramando la grilla, que contar\u00e1 con un importante n\u00famero de artistas locales, exponentes que nos representan en todo el pa\u00eds.<\/p>\n<p>A su vez, en esta edici\u00f3n, gracias al trabajo mancomunado con la Asociaci\u00f3n Civil Perfume de Carnaval, el s\u00e1bado y el domingo, desde las 12 del mediod\u00eda se podr\u00e1 disfrutar del \u201cPatio de Perfume\u201d, un espacio de expresiones folkl\u00f3ricas con cantores populares y danzas que acompa\u00f1ar\u00e1n el sector gastron\u00f3mico en la ladera del Parque Independencia.<\/p>\n<p class=\"\">Estar\u00e1\u00a0 ubicado en un sector sombreado y con espacios de descanso para la comodidad de los concurrentes. Este escenario brindar\u00e1 un ambiente \u00edntimo para disfrutar de una variedad de espect\u00e1culos en vivo y, simult\u00e1neamente saborear los deliciosos platos preparados por la Asociaci\u00f3n de Foodtrucks de Tandil.<\/p>\n<p>Una vez que caiga la tarde, la atenci\u00f3n se dirigir\u00e1 hacia el espacio central, situado en la Diagonal del Parque Independencia. A partir de las 19 hs, este escenario se convertir\u00e1 en el epicentro de la diversi\u00f3n, donde los visitantes podr\u00e1n deleitarse con los destacados shows en vivo; una combinaci\u00f3n perfecta para todos los paladares y gustos musicales.<\/p>\n<p><img loading=\"lazy\" decoding=\"async\" class=\"size-medium wp-image-12645 alignleft\" src=\"https:\/\/www.visionweb.com.ar\/wp-content\/uploads\/2023\/11\/queso-fiesta-300x300.jpeg\" alt=\"\" width=\"300\" height=\"300\" srcset=\"https:\/\/www.visionweb.com.ar\/wp-content\/uploads\/2023\/11\/queso-fiesta-300x300.jpeg 300w, https:\/\/www.visionweb.com.ar\/wp-content\/uploads\/2023\/11\/queso-fiesta-150x150.jpeg 150w, https:\/\/www.visionweb.com.ar\/wp-content\/uploads\/2023\/11\/queso-fiesta-80x80.jpeg 80w, https:\/\/www.visionweb.com.ar\/wp-content\/uploads\/2023\/11\/queso-fiesta-320x320.jpeg 320w, https:\/\/www.visionweb.com.ar\/wp-content\/uploads\/2023\/11\/queso-fiesta-65x65.jpeg 65w, https:\/\/www.visionweb.com.ar\/wp-content\/uploads\/2023\/11\/queso-fiesta.jpeg 336w\" sizes=\"auto, (max-width: 300px) 100vw, 300px\" \/>Para celebrar los 10 a\u00f1os del Cluster Quesero, la organizaci\u00f3n se encuentra trabajando en una amplia variedad de actividades, incluyendo degustaciones de quesos, ferias de productores locales, demostraciones culinarias, m\u00fasica en vivo y mucho m\u00e1s.<\/p>\n<p>Este encuentro ofrecer\u00e1 a los visitantes la oportunidad de conocer de cerca la rica tradici\u00f3n quesera de Tandil y disfrutar de la diversidad de productos l\u00e1cteos que la regi\u00f3n tiene para ofrecer.<\/p>\n<p><strong>La Fiesta es organizada por el Cluster Quesero de Tandil, Bar Tent Eventos y el Municipio de Tandil, y es auspiciada por el Gobierno de la Provincia de Buenos Aires, Coopagro, Grupo Forceres, Pureza de las Sierras, C\u00e1mara Agroindustrial de Tandil y El Eco Multimedios<\/strong> <strong>(VW)<\/strong><\/p>\n","protected":false},"excerpt":{"rendered":"<p>El encuentro ofrecer\u00e1 a los visitantes la oportunidad de conocer de cerca la rica tradici\u00f3n quesera de Tandil y disfrutar de la diversidad de productos l\u00e1cteos que la regi\u00f3n tiene para ofrecer.<\/p>\n","protected":false},"author":3,"featured_media":12644,"comment_status":"closed","ping_status":"closed","sticky":false,"template":"","format":"standard","meta":{"_monsterinsights_skip_tracking":false,"_monsterinsights_sitenote_active":false,"_monsterinsights_sitenote_note":"","_monsterinsights_sitenote_category":0,"footnotes":""},"categories":[1317,700],"tags":[5256,3785,1535,2264,1409],"class_list":["post-12643","post","type-post","status-publish","format-standard","has-post-thumbnail","hentry","category-sabores-y-tendencias","category-turismo","tag-cluster","tag-diciembre","tag-fiesta","tag-quesos","tag-tandil"],"_links":{"self":[{"href":"https:\/\/www.visionweb.com.ar\/index.php?rest_route=\/wp\/v2\/posts\/12643","targetHints":{"allow":["GET"]}}],"collection":[{"href":"https:\/\/www.visionweb.com.ar\/index.php?rest_route=\/wp\/v2\/posts"}],"about":[{"href":"https:\/\/www.visionweb.com.ar\/index.php?rest_route=\/wp\/v2\/types\/post"}],"author":[{"embeddable":true,"href":"https:\/\/www.visionweb.com.ar\/index.php?rest_route=\/wp\/v2\/users\/3"}],"replies":[{"embeddable":true,"href":"https:\/\/www.visionweb.com.ar\/index.php?rest_route=%2Fwp%2Fv2%2Fcomments&post=12643"}],"version-history":[{"count":1,"href":"https:\/\/www.visionweb.com.ar\/index.php?rest_route=\/wp\/v2\/posts\/12643\/revisions"}],"predecessor-version":[{"id":12646,"href":"https:\/\/www.visionweb.com.ar\/index.php?rest_route=\/wp\/v2\/posts\/12643\/revisions\/12646"}],"wp:featuredmedia":[{"embeddable":true,"href":"https:\/\/www.visionweb.com.ar\/index.php?rest_route=\/wp\/v2\/media\/12644"}],"wp:attachment":[{"href":"https:\/\/www.visionweb.com.ar\/index.php?rest_route=%2Fwp%2Fv2%2Fmedia&parent=12643"}],"wp:term":[{"taxonomy":"category","embeddable":true,"href":"https:\/\/www.visionweb.com.ar\/index.php?rest_route=%2Fwp%2Fv2%2Fcategories&post=12643"},{"taxonomy":"post_tag","embeddable":true,"href":"https:\/\/www.visionweb.com.ar\/index.php?rest_route=%2Fwp%2Fv2%2Ftags&post=12643"}],"curies":[{"name":"wp","href":"https:\/\/api.w.org\/{rel}","templated":true}]}}