{"id":12641,"date":"2023-11-22T07:25:18","date_gmt":"2023-11-22T10:25:18","guid":{"rendered":"https:\/\/www.visionweb.com.ar\/?p=12641"},"modified":"2023-11-22T11:18:47","modified_gmt":"2023-11-22T14:18:47","slug":"se-viene-la-reunion-de-cristina-kirchner-y-victoria-villarruel","status":"publish","type":"post","link":"https:\/\/www.visionweb.com.ar\/?p=12641","title":{"rendered":"Se viene la reuni\u00f3n de Cristina Kirchner y Victoria Villarruel"},"content":{"rendered":"<p><em><strong>Ser\u00e1 hoy a las 17 horas y el di\u00e1logo fundamental es el traspaso del Senado.<\/strong><\/em><!--more--><\/p>\n<div id=\"attachment_11995\" style=\"width: 310px\" class=\"wp-caption alignright\"><img loading=\"lazy\" decoding=\"async\" aria-describedby=\"caption-attachment-11995\" class=\"wp-image-11995 size-medium\" src=\"https:\/\/www.visionweb.com.ar\/wp-content\/uploads\/2023\/09\/senado-ganancias-300x183.png\" alt=\"\" width=\"300\" height=\"183\" srcset=\"https:\/\/www.visionweb.com.ar\/wp-content\/uploads\/2023\/09\/senado-ganancias-300x183.png 300w, https:\/\/www.visionweb.com.ar\/wp-content\/uploads\/2023\/09\/senado-ganancias.png 551w\" sizes=\"auto, (max-width: 300px) 100vw, 300px\" \/><p id=\"caption-attachment-11995\" class=\"wp-caption-text\"><strong><em>Cristina Fern\u00e1ndez de Kirchner, , recibir\u00e1 este mi\u00e9rcoles a la vicepresidenta electa, Victoria Villaruel para iniciar la transici\u00f3n en la C\u00e1mara Alta (Archivo VW) <\/em><\/strong><\/p><\/div>\n<p><strong>\u00a0\u00a0 L<\/strong>a vicepresidenta<strong> Cristina Kirchner <\/strong>recibir\u00e1 esta tarde a<strong> Victoria Villarruel, quien ser\u00e1 su sucesora en la presidencia del Senado,<\/strong>\u00a0para iniciar la transici\u00f3n en ese cuerpo legislativo.<\/p>\n<p>\u201cPor instrucci\u00f3n de la vicepresidenta de la Naci\u00f3n, Dra. Cristina Fern\u00e1ndez de Kirchner, la Secretaria Administrativa se comunic\u00f3 con el equipo de la vicepresidenta electa, Victoria Villarruel, para informarle que<strong>\u00a0ma\u00f1ana <\/strong>(mi\u00e9rcoles 22)<strong> a las 17 la Presidenta del cuerpo la recibir\u00e1 en el Senado<\/strong>\u201c, inform\u00f3\u00a0<a href=\"https:\/\/twitter.com\/SenadoArgentina\">el Senado.<\/a><\/p>\n<p>Seg\u00fan el parte de prensa, \u00abpor instrucci\u00f3n de la vicepresidenta de la Naci\u00f3n\u00bb la secretaria administrativa del Senado, Mar\u00eda Luz Alonso, se comunic\u00f3 con el equipo de Villarruel para invitarla al palacio legislativo.<\/p>\n<p>El encuentro se realizar\u00e1 en el despacho de la Vicepresidenta saliente, ubicado en el primer piso del Congreso de la Naci\u00f3n.<\/p>\n<p>La reuni\u00f3n entre las dos dirigentes pol\u00edticas se enmarca en el di\u00e1logo de transici\u00f3n que inici\u00f3 este martes el presidente Alberto Fern\u00e1ndez con el mandatario electo Javier Milei, que seg\u00fan trascendi\u00f3, se dio en un clima de respeto e institucionalidad.<\/p>\n<p>El inicio de las reuniones por el traspaso se dio finalmente dos d\u00edas despu\u00e9s del domingo de las elecciones.<\/p>\n<p>Durante la entrevista en la Quinta Presidencial de Olivos, Fern\u00e1ndez y Milei hicieron un \u201c<strong>repaso de los temas de Estado<\/strong>\u201d necesarios para comenzar la transici\u00f3n.<\/p>\n<p>En tanto, tambi\u00e9n empezaron los contactos en otras \u00e1reas del Estado como el ministerio de Seguridad,\u00a0donde el titular de la cartera,\u00a0<strong>An\u00edbal Fern\u00e1ndez<\/strong>, recibi\u00f3 en su despacho al futuro ministro del Interior de Javier Milei,\u00a0<strong>Guillermo Francos<\/strong>, y a su jefe de Gabinete,\u00a0<strong>Nicol\u00e1s Posse<\/strong>, para comenzar la transici\u00f3n del \u00e1rea rumbo al 10 de diciembre.<strong> (VW)<\/strong><\/p>\n<p>&nbsp;<\/p>\n","protected":false},"excerpt":{"rendered":"<p>Ser\u00e1 hoy a las 17 horas y el di\u00e1logo fundamental es el traspaso del Senado.<\/p>\n","protected":false},"author":4,"featured_media":11995,"comment_status":"closed","ping_status":"closed","sticky":false,"template":"","format":"standard","meta":{"_monsterinsights_skip_tracking":false,"_monsterinsights_sitenote_active":false,"_monsterinsights_sitenote_note":"","_monsterinsights_sitenote_category":0,"footnotes":""},"categories":[4],"tags":[15,5254,5255],"class_list":["post-12641","post","type-post","status-publish","format-standard","has-post-thumbnail","hentry","category-politica","tag-fernandez","tag-reunion-vicepresidentas","tag-villarruel"],"_links":{"self":[{"href":"https:\/\/www.visionweb.com.ar\/index.php?rest_route=\/wp\/v2\/posts\/12641","targetHints":{"allow":["GET"]}}],"collection":[{"href":"https:\/\/www.visionweb.com.ar\/index.php?rest_route=\/wp\/v2\/posts"}],"about":[{"href":"https:\/\/www.visionweb.com.ar\/index.php?rest_route=\/wp\/v2\/types\/post"}],"author":[{"embeddable":true,"href":"https:\/\/www.visionweb.com.ar\/index.php?rest_route=\/wp\/v2\/users\/4"}],"replies":[{"embeddable":true,"href":"https:\/\/www.visionweb.com.ar\/index.php?rest_route=%2Fwp%2Fv2%2Fcomments&post=12641"}],"version-history":[{"count":3,"href":"https:\/\/www.visionweb.com.ar\/index.php?rest_route=\/wp\/v2\/posts\/12641\/revisions"}],"predecessor-version":[{"id":12648,"href":"https:\/\/www.visionweb.com.ar\/index.php?rest_route=\/wp\/v2\/posts\/12641\/revisions\/12648"}],"wp:featuredmedia":[{"embeddable":true,"href":"https:\/\/www.visionweb.com.ar\/index.php?rest_route=\/wp\/v2\/media\/11995"}],"wp:attachment":[{"href":"https:\/\/www.visionweb.com.ar\/index.php?rest_route=%2Fwp%2Fv2%2Fmedia&parent=12641"}],"wp:term":[{"taxonomy":"category","embeddable":true,"href":"https:\/\/www.visionweb.com.ar\/index.php?rest_route=%2Fwp%2Fv2%2Fcategories&post=12641"},{"taxonomy":"post_tag","embeddable":true,"href":"https:\/\/www.visionweb.com.ar\/index.php?rest_route=%2Fwp%2Fv2%2Ftags&post=12641"}],"curies":[{"name":"wp","href":"https:\/\/api.w.org\/{rel}","templated":true}]}}