{"id":12628,"date":"2023-11-21T10:57:25","date_gmt":"2023-11-21T13:57:25","guid":{"rendered":"https:\/\/www.visionweb.com.ar\/?p=12628"},"modified":"2023-11-21T10:58:00","modified_gmt":"2023-11-21T13:58:00","slug":"cumbre-de-olivos-fernandez-recibio-a-milei-para-acordar-el-traspaso","status":"publish","type":"post","link":"https:\/\/www.visionweb.com.ar\/?p=12628","title":{"rendered":"Cumbre de Olivos: Fern\u00e1ndez recibi\u00f3 a MIlei para acordar la transici\u00f3n"},"content":{"rendered":"<p><em><strong>El presidente recibi\u00f3 al mandatario electo. Comenzar\u00e1n a analizar los primeros pasos de la transici\u00f3n hacia el 10 de diciembre.<\/strong><\/em><!--more--><\/p>\n<p><strong><img loading=\"lazy\" decoding=\"async\" class=\"size-medium wp-image-12629 alignright\" src=\"https:\/\/www.visionweb.com.ar\/wp-content\/uploads\/2023\/11\/FERNANDEZ-Y-MILEI-EN-OLIVOS-300x165.png\" alt=\"\" width=\"300\" height=\"165\" srcset=\"https:\/\/www.visionweb.com.ar\/wp-content\/uploads\/2023\/11\/FERNANDEZ-Y-MILEI-EN-OLIVOS-300x165.png 300w, https:\/\/www.visionweb.com.ar\/wp-content\/uploads\/2023\/11\/FERNANDEZ-Y-MILEI-EN-OLIVOS.png 640w\" sizes=\"auto, (max-width: 300px) 100vw, 300px\" \/>E<\/strong>l presidente Alberto Fern\u00e1ndez recibi\u00f3, este martes a la ma\u00f1ana, en la Residencia de Olivos al jefe de Estado electo, Javier Milei, en un encuentro en el que comenz\u00f3 a analizarse la transici\u00f3n de Gobierno prevista para el pr\u00f3ximo 10 de diciembre.<\/p>\n<p>La reuni\u00f3n comenz\u00f3 a las 8.17, dur\u00f3 menos de una hora y se produce tras el balotaje del domingo \u00faltimo en el que se impuso el libertario.<\/p>\n<p>Pasadas las 7.30, el l\u00edder de La Libertad Avanza parti\u00f3 desde el Hotel Libertador, donde se encuentra alojado, para reunirse con el jefe de Estado, consignaron diferentes agencias de noticias.<\/p>\n<p>En el camino par\u00f3 su autom\u00f3vil para saludar a unos ni\u00f1os que iban en transporte escolar a la escuela. Asimismo, pas\u00f3 por el barrio porte\u00f1o de N\u00fa\u00f1ez para buscar a Nicol\u00e1s Posse, quien ser\u00e1 el jefe de Gabinete. El futuro funcionario subi\u00f3 en el mismo autom\u00f3vil en el que viajaba Milei.<\/p>\n<p>Alrededor de las 9:20 se difundi\u00f3 un muy breve comunicado oficial del encuentro: \u201cEl Presidente de la Naci\u00f3n, Dr. Alberto Fern\u00e1ndez, recibi\u00f3 esta ma\u00f1ana al Presidente electo Dr. Javier Milei, quien asumir\u00e1 sus funciones constitucionales al frente del Poder Ejecutivo Nacional a partir del pr\u00f3ximo 10 de diciembre.<\/p>\n<p>El encuentro se llev\u00f3 adelante en la residencia presidencial de Olivos, con el objeto de dar inicio al proceso de transici\u00f3n institucional entre los equipos designados por ambos en las distintas \u00e1reas de gobierno\u201d.<\/p>\n<p>El encuentro se termin\u00f3 de acordar en la tarde del lunes entre Nicol\u00e1s Posse, futuro jefe de Gabinete libertario, y el vicejefe de Gabinete actual, Juan Manuel Olmos.<\/p>\n<p>En las \u00faltimas horas se confirm\u00f3 que el ahora ex candidato de Uni\u00f3n por la Patria y ministro de Econom\u00eda, Sergio Massa, se quedar\u00e1 en su puesto hasta el final del Gobierno.<\/p>\n<p>Massa puso a disposici\u00f3n de Fern\u00e1ndez al secretario de Pol\u00edtica Econ\u00f3mica, Gabriel Rubinstein, el jefe de Gabinete de Econom\u00eda, Leonardo Madcur, el secretario de Hacienda, Ra\u00fal Rigo, y el titular del Banco Central, Miguel Pesce.<\/p>\n<p>El lunes por la tarde, los funcionarios participaron de una reuni\u00f3n en San Fernando donde se analizaron los pr\u00f3ximos pasos y se decidi\u00f3 mantener la transici\u00f3n dentro de los carriles previstos, aunque todav\u00eda no est\u00e1 claro que definiciones se adoptar\u00e1n en materia econ\u00f3mica.<\/p>\n<p>El economista libertario result\u00f3 ganador en el balotaje del domingo con el 55,69% de los votos, lo que lo dej\u00f3 con una ventaja de 11,4 puntos sobre el candidato del oficialismo<strong>(VW)<\/strong><\/p>\n<p>&nbsp;<\/p>\n","protected":false},"excerpt":{"rendered":"<p>El presidente recibi\u00f3 al mandatario electo. Comenzar\u00e1n a analizar los primeros pasos de la transici\u00f3n hacia el 10 de diciembre.<\/p>\n","protected":false},"author":3,"featured_media":12629,"comment_status":"closed","ping_status":"closed","sticky":false,"template":"","format":"standard","meta":{"_monsterinsights_skip_tracking":false,"_monsterinsights_sitenote_active":false,"_monsterinsights_sitenote_note":"","_monsterinsights_sitenote_category":0,"footnotes":""},"categories":[4],"tags":[15,4530,5250,1780],"class_list":["post-12628","post","type-post","status-publish","format-standard","has-post-thumbnail","hentry","category-politica","tag-fernandez","tag-milei","tag-olivos","tag-traspaso"],"_links":{"self":[{"href":"https:\/\/www.visionweb.com.ar\/index.php?rest_route=\/wp\/v2\/posts\/12628","targetHints":{"allow":["GET"]}}],"collection":[{"href":"https:\/\/www.visionweb.com.ar\/index.php?rest_route=\/wp\/v2\/posts"}],"about":[{"href":"https:\/\/www.visionweb.com.ar\/index.php?rest_route=\/wp\/v2\/types\/post"}],"author":[{"embeddable":true,"href":"https:\/\/www.visionweb.com.ar\/index.php?rest_route=\/wp\/v2\/users\/3"}],"replies":[{"embeddable":true,"href":"https:\/\/www.visionweb.com.ar\/index.php?rest_route=%2Fwp%2Fv2%2Fcomments&post=12628"}],"version-history":[{"count":2,"href":"https:\/\/www.visionweb.com.ar\/index.php?rest_route=\/wp\/v2\/posts\/12628\/revisions"}],"predecessor-version":[{"id":12631,"href":"https:\/\/www.visionweb.com.ar\/index.php?rest_route=\/wp\/v2\/posts\/12628\/revisions\/12631"}],"wp:featuredmedia":[{"embeddable":true,"href":"https:\/\/www.visionweb.com.ar\/index.php?rest_route=\/wp\/v2\/media\/12629"}],"wp:attachment":[{"href":"https:\/\/www.visionweb.com.ar\/index.php?rest_route=%2Fwp%2Fv2%2Fmedia&parent=12628"}],"wp:term":[{"taxonomy":"category","embeddable":true,"href":"https:\/\/www.visionweb.com.ar\/index.php?rest_route=%2Fwp%2Fv2%2Fcategories&post=12628"},{"taxonomy":"post_tag","embeddable":true,"href":"https:\/\/www.visionweb.com.ar\/index.php?rest_route=%2Fwp%2Fv2%2Ftags&post=12628"}],"curies":[{"name":"wp","href":"https:\/\/api.w.org\/{rel}","templated":true}]}}