{"id":12617,"date":"2023-11-20T16:27:05","date_gmt":"2023-11-20T19:27:05","guid":{"rendered":"https:\/\/www.visionweb.com.ar\/?p=12617"},"modified":"2023-11-21T10:43:54","modified_gmt":"2023-11-21T13:43:54","slug":"javier-milei-confirmo-parte-de-su-gabinete-que-se-conformara-de-ocho-ministerios","status":"publish","type":"post","link":"https:\/\/www.visionweb.com.ar\/?p=12617","title":{"rendered":"Javier Milei confirm\u00f3 parte de su gabinete, que se conformar\u00e1 de ocho ministerios"},"content":{"rendered":"<p><em><strong>\u201cVamos a sorprender con el equipo que estamos armando; con especialistas de diversos espacios que tengan la convicci\u00f3n de cambiar la Argentina con las ideas de la libertad\u201d, dijo Milei, que trabaja a contrarreloj para definir a su equipo de trabajo y ya adelant\u00f3 algunos nombres.<\/strong><\/em><!--more--><\/p>\n<p><strong> <img loading=\"lazy\" decoding=\"async\" class=\"size-medium wp-image-12618 alignright\" src=\"https:\/\/www.visionweb.com.ar\/wp-content\/uploads\/2023\/11\/gabinete-de-milei-300x200.png\" alt=\"\" width=\"300\" height=\"200\" srcset=\"https:\/\/www.visionweb.com.ar\/wp-content\/uploads\/2023\/11\/gabinete-de-milei-300x200.png 300w, https:\/\/www.visionweb.com.ar\/wp-content\/uploads\/2023\/11\/gabinete-de-milei.png 418w\" sizes=\"auto, (max-width: 300px) 100vw, 300px\" \/>\u00a0\u00a0 E<\/strong>l presidente electo<strong>\u00a0Javier Milei\u00a0<\/strong>confirm\u00f3 hoy parte de su gabinete, que lo acompa\u00f1ar\u00e1 desde el 10 de diciembre, entre ellos el abogado\u00a0<strong>Mariano C\u00faneo Libarona\u00a0<\/strong>que ser\u00e1 Ministro de Justicia, y\u00a0<strong>Carolina<\/strong> <strong>P\u00edparo<\/strong> ser\u00e1 la nueva titular de la ANSES.<\/p>\n<p>Milei confirm\u00f3 hoy que su gabinete estar\u00e1 compuesto por ocho ministerios y dijo \u201cya est\u00e1n todos trabajando\u201d, en declaraciones a radio Mitre.<\/p>\n<p>A la vez, adelant\u00f3 que<strong> P\u00edparo\u00a0<\/strong>ex candidata gobernadora bonaerense por La Libertad Avanza estar\u00e1 secundada por\u00a0<strong>Juan Manuel Ber\u00f3n<\/strong>, un profesional que trabajo en la reforma previsional del M\u00e9xico, y tambi\u00e9n sum\u00f3 a <strong>Sandra Petovello<\/strong> como ministra de Capital Humano,<strong>\u00a0<\/strong>y a<strong>\u00a0Diana Mondino,<\/strong>\u00a0a cargo de Canciller\u00eda.<\/p>\n<p>El Jefe de gabinete ser\u00e1 Nicolas Posse, quien se desempe\u00f1a como director de\u00a0<strong>Proyectos de Aeropuertos Argentina 2000<\/strong>\u00a0y tambi\u00e9n fue gerente general de la\u00a0<strong>Unidad Negocios Sur de Corporaci\u00f3n Am\u00e9rica. <\/strong>Hasta ahora la gran inc\u00f3gnita es el nombre de quien estar\u00e1 al frente de la cartera de Econom\u00eda.<\/p>\n<p>En ese sentido, el presidente electo se\u00f1al\u00f3 que\u00a0<strong>se encuentra trabajando con la diputada electa Diana Mondino en la agenda internacional<\/strong>. Su primer viaje internacional ser\u00e1 a Estados Unidos y luego a Israel, adelant\u00f3.<\/p>\n<p>En cuanto al diputado nacional\u00a0<strong>Miguel \u00c1ngel Pichetto<\/strong>, excandidato vicepresidencial de Juntos por el Cambio (JxC), Milei evalu\u00f3 que \u201cpodr\u00eda desempe\u00f1ar un rol importante\u201d en el armado pol\u00edtico del oficialismo en la\u00a0<strong>C\u00e1mara baja<\/strong>.<\/p>\n<p>Tambi\u00e9n sostuvo que <strong>Florencio Randazzo<\/strong> \u201cser\u00e1 parte del equipo\u201d, al tiempo que elogi\u00f3 a <strong>Federico Sturzenegger<\/strong>, el economista que ocup\u00f3 la presidencia del Banco Central durante la gesti\u00f3n de\u00a0<strong>Mauricio Macri<\/strong>, cuyo nombre suena para el ministerio de Econom\u00eda.<\/p>\n<p>En esta l\u00ednea, tambi\u00e9n sum\u00f3 el nombre de otro economista vinculado al PRO,\u00a0<strong>Luciano Laspina<\/strong>: \u201cEs alguien con el que podr\u00eda hablar\u201d, dijo Milei.<\/p>\n<p>En cuanto a las \u00e1reas de Seguridad y Defensa, Milei asegur\u00f3 que \u201cest\u00e1n dentro de la responsabilidad de\u00a0<strong>Victoria (Villarruel)<\/strong>\u201d, la vicepresidenta electa.<\/p>\n<p>A la vez destac\u00f3 el rol que tendr\u00e1\u00a0<strong>Santiago Caputo<\/strong>: \u201cEst\u00e1 al mismo nivel que mi hermana; va a estar en temas estrat\u00e9gicos. Va a tener un rol fundamental\u201d, indic\u00f3.<\/p>\n<p>Sobre\u00a0<strong>Randazzo<\/strong>, asegur\u00f3 que mantiene un di\u00e1logo \u201c<strong>muy importante<\/strong>\u201d, y agreg\u00f3: \u201cLo voy a tener en el equipo, es una persona honesta y fue uno de los que se enfrent\u00f3 a Cristina Kirchner cuando nadie lo hac\u00eda\u201d, sostuvo.<\/p>\n<p>En esta misma l\u00ednea se refiri\u00f3 a <strong>Javier Iguacel<\/strong>: \u201cTendr\u00edamos que tener una charla, es una persona de un valor enorme y nos gustar\u00eda que se incorpore a nuestros equipos\u201d, afirm\u00f3.<\/p>\n<p>\u201cVamos a sorprender con el equipo que estamos armando; <strong>estamos integrando a especialistas de diversos espacios que tengan la convicci\u00f3n de cambiar la Argentina con las ideas de la libertad, los m\u00e1s talentosos van a estar adentro<\/strong>\u201d, reconoci\u00f3 el economista libertario.<\/p>\n<p>Tambi\u00e9n indic\u00f3 que el jefe de Gabinete ser\u00e1\u00a0<strong>Nicol\u00e1s Posse;\u00a0<\/strong>el titular de Infraestructura,\u00a0<strong>Guillermo Ferraro;<\/strong>\u00a0y el de Interior,\u00a0<strong>Guillermo Francos.<\/strong><\/p>\n<p>Las nuevas Secretarias ser\u00e1n: de<strong> Trabajo:<\/strong> el ex funcionario macrista <strong>Gustavo Mor\u00f3n<\/strong>; Secretar\u00eda<strong> Legal y T\u00e9cnica<\/strong>: el abogado de Milei, <strong>Diego Spagnuolo<\/strong>; <strong>Cultura:<\/strong> el productor teatral <strong>Leo Cifelli y al <\/strong><strong>Conicet ir\u00e1 <\/strong>\u00a0el m\u00e9dico veterinario <strong>Daniel Salamone. <\/strong>Estos son los \u00faltimos nombres que trascendieron <strong>(VW)<\/strong><\/p>\n<p>&nbsp;<\/p>\n","protected":false},"excerpt":{"rendered":"<p>\u201cVamos a sorprender con el equipo que estamos armando; con especialistas de diversos espacios que tengan la convicci\u00f3n de cambiar la Argentina con las ideas de la libertad\u201d, dijo Milei, que trabaja a contrarreloj&#46;&#46;&#46;<\/p>\n","protected":false},"author":4,"featured_media":12618,"comment_status":"closed","ping_status":"closed","sticky":false,"template":"","format":"standard","meta":{"_monsterinsights_skip_tracking":false,"_monsterinsights_sitenote_active":false,"_monsterinsights_sitenote_note":"","_monsterinsights_sitenote_category":0,"footnotes":""},"categories":[4],"tags":[5243,5244,5245,205,4878],"class_list":["post-12617","post","type-post","status-publish","format-standard","has-post-thumbnail","hentry","category-politica","tag-carolina-piparo","tag-cuneo-libarona","tag-diana-mondino","tag-gabinete","tag-javier-milei"],"_links":{"self":[{"href":"https:\/\/www.visionweb.com.ar\/index.php?rest_route=\/wp\/v2\/posts\/12617","targetHints":{"allow":["GET"]}}],"collection":[{"href":"https:\/\/www.visionweb.com.ar\/index.php?rest_route=\/wp\/v2\/posts"}],"about":[{"href":"https:\/\/www.visionweb.com.ar\/index.php?rest_route=\/wp\/v2\/types\/post"}],"author":[{"embeddable":true,"href":"https:\/\/www.visionweb.com.ar\/index.php?rest_route=\/wp\/v2\/users\/4"}],"replies":[{"embeddable":true,"href":"https:\/\/www.visionweb.com.ar\/index.php?rest_route=%2Fwp%2Fv2%2Fcomments&post=12617"}],"version-history":[{"count":5,"href":"https:\/\/www.visionweb.com.ar\/index.php?rest_route=\/wp\/v2\/posts\/12617\/revisions"}],"predecessor-version":[{"id":12627,"href":"https:\/\/www.visionweb.com.ar\/index.php?rest_route=\/wp\/v2\/posts\/12617\/revisions\/12627"}],"wp:featuredmedia":[{"embeddable":true,"href":"https:\/\/www.visionweb.com.ar\/index.php?rest_route=\/wp\/v2\/media\/12618"}],"wp:attachment":[{"href":"https:\/\/www.visionweb.com.ar\/index.php?rest_route=%2Fwp%2Fv2%2Fmedia&parent=12617"}],"wp:term":[{"taxonomy":"category","embeddable":true,"href":"https:\/\/www.visionweb.com.ar\/index.php?rest_route=%2Fwp%2Fv2%2Fcategories&post=12617"},{"taxonomy":"post_tag","embeddable":true,"href":"https:\/\/www.visionweb.com.ar\/index.php?rest_route=%2Fwp%2Fv2%2Ftags&post=12617"}],"curies":[{"name":"wp","href":"https:\/\/api.w.org\/{rel}","templated":true}]}}