{"id":12613,"date":"2023-11-20T15:29:08","date_gmt":"2023-11-20T18:29:08","guid":{"rendered":"https:\/\/www.visionweb.com.ar\/?p=12613"},"modified":"2023-11-20T15:29:08","modified_gmt":"2023-11-20T18:29:08","slug":"al-peronismo-no-le-alcanzo-con-el-conurbano-y-milei-arraso-en-el-interior","status":"publish","type":"post","link":"https:\/\/www.visionweb.com.ar\/?p=12613","title":{"rendered":"Al peronismo no le alcanz\u00f3 con el Conurbano y Milei arras\u00f3 en el interior"},"content":{"rendered":"<p><em><strong>UxP sac\u00f3 la diferencia esperada por Sergio Massa en la Tercera pero no despeg\u00f3 en la Primera. El interior de la provincia fue casi todo de Javier Milei.<\/strong><\/em><!--more--><\/p>\n<p><strong><img loading=\"lazy\" decoding=\"async\" class=\"size-full wp-image-1288 alignright\" src=\"https:\/\/www.visionweb.com.ar\/wp-content\/uploads\/2021\/03\/Urna-elecciones.bmp\" alt=\"\" width=\"328\" height=\"267\" \/>E<\/strong>l peronismo obtuvo un triunfo m\u00ednimo en la provincia de Buenos Aires y no pudo compensar los malos resultados que proyectaba \u2013 y que se confirmaron- en regiones adversas como la regi\u00f3n centro, Cuyo y el sur del pa\u00eds.<\/p>\n<p>El n\u00famero imaginado por Sergio Massa en la provincia m\u00e1s grande del pa\u00eds- incluye el 37,4% del electorado- oscilaba en un 60 a 40 en favor de Uni\u00f3n por la Patria.<\/p>\n<p>Pero apenas super\u00f3 el 50% y sac\u00f3 una diferencia de 1,47%. Escrutados el 99,36% de los votos, UxP obtuvo 4.919.211 sufragios (50,73) frente a los 4.7776.711 alcanzados por Javier Milei (49,26%), de acuerdo a los datos oficiales de la Junta Electoral bonaerense.<\/p>\n<p>Aunque seguramente parte de las explicaciones- y responsabilidades- apuntar\u00e1n al trabajo territorial del oficialismo, uno de los primeros an\u00e1lisis mostrar\u00e1 que el peronismo sucumbi\u00f3 ante una polarizaci\u00f3n en el balotaje que castig\u00f3 la mala gesti\u00f3n econ\u00f3mica del gobierno nacional y se inclin\u00f3 por una opci\u00f3n de cambio.<\/p>\n<p><img loading=\"lazy\" decoding=\"async\" class=\"size-medium wp-image-12614 alignleft\" src=\"https:\/\/www.visionweb.com.ar\/wp-content\/uploads\/2023\/11\/ELECCIONES-19-DE-NOVIEMBRE-243x300.png\" alt=\"\" width=\"243\" height=\"300\" srcset=\"https:\/\/www.visionweb.com.ar\/wp-content\/uploads\/2023\/11\/ELECCIONES-19-DE-NOVIEMBRE-243x300.png 243w, https:\/\/www.visionweb.com.ar\/wp-content\/uploads\/2023\/11\/ELECCIONES-19-DE-NOVIEMBRE.png 460w\" sizes=\"auto, (max-width: 243px) 100vw, 243px\" \/>En las Generales de octubre UxP pudo hacerse fuerte gracias a un escenario de tercios que no solo le permiti\u00f3 a Axel Kicillof conquistar con holgura la reelecci\u00f3n sino pintar el mapa bonaerense de celeste con triunfos hist\u00f3ricos en bastiones del PRO (La Plata, Lan\u00fas, Olavarr\u00eda, Bah\u00eda Blanca, Azul entre otros).<\/p>\n<p>En la segunda vuelta, los votos de Patricia Bullrich se trasladaron pr\u00e1cticamente de forma autom\u00e1tica al candidato de La Libertad Avanza. No hubo fragmentaci\u00f3n en el voto de Juntos, como a\u00f1oraban Massa y Kicillof, a partir del resquebrajamiento de la coalici\u00f3n opositora y las diferencias ideol\u00f3gicas que sectores como el radicalismo- de marcada incidencia en el interior bonaerense- mantendr\u00edan con el candidato de la ultraderecha liberal.<\/p>\n<p>Tampoco incidieron el voto en blanco y nulo con el 1,78% y el 1,36%, respectivamente.<\/p>\n<p>Los resultados en el balotaje mostraron que el peronismo alcanz\u00f3 la diferencia que esperaba en la Tercera Secci\u00f3n pero no pudo tomar distancia en la Primera Secci\u00f3n donde apenas se impuso por poco m\u00e1s de 50 mil votos.<\/p>\n<p>En el desglose de la Tercera, sobresalen los distritos de la denominada \u201cMesa de Ensenada\u201d que integran los intendentes Mario Secco (Ensenada) Fernando Espinoza (La Matanza) y Jorge Ferraresi (Avellaneda)<\/p>\n<p>En La Matanza Uni\u00f3n por la Patria super\u00f3 por 61 a 39% a LLA. En Ensenada se impuso por 62 a 38% y 58 a 42% en Avellaneda.<\/p>\n<p>Tambi\u00e9n hubo muy buenos desempe\u00f1os en distritos como Florencio Varela (63,14% a 36,85%) Almirante Brown (58,89% a 41,10%), Quilmes (56,63% a 43,36%) Berazategui (55,54% a 44,25%) o Lomas de Zamora donde el peronismo gan\u00f3 59 a 41%, pese al esc\u00e1ndalo del caso Mart\u00edn Insaurralde.<\/p>\n<p>En Ezeiza, el resultado fue m\u00e1s ajustado a pesar de las promesas del intendente electo, Gast\u00f3n Granados, quien estuvo en el centro de la escena cuando militantes de UxP se cruzaron con seguidores de Javier Milei, en el marco del cierre de campa\u00f1a del economista libertario en la provincia de Buenos Aires.<\/p>\n<p>En Lan\u00fas, el intendente saliente N\u00e9stor Grindetti volvi\u00f3 a sufrir otra derrota ya que Uni\u00f3n por la Patria se impuso por 56 a 44%.<\/p>\n<p>ambi\u00e9n hubo resultados exitosos en Esteban Echeverr\u00eda con 53 a 47%, Berisso con 56 a 44% o Presidente Per\u00f3n que consigui\u00f3 a rajatabla el n\u00famero a\u00f1orado: 60 a 40%<\/p>\n<p>En la Primera Secci\u00f3n los n\u00fameros fueron mucho m\u00e1s cerrados aunque hubo algunos distritos que cumplieron con el objetivo del 60- a 40 (Merlo y Jos\u00e9 C. Paz).<\/p>\n<p>Entre los principales municipios hubo triunfos en Moreno (59 a 41%), Ituzaing\u00f3 (52 a 48), San Mart\u00edn (52 a 48) donde sobresali\u00f3 la micromilitancia del ministro de Obras P\u00fablicas, Gabriel Katopodis o en Hurlingham (53 a 47%).<\/p>\n<p>Entre las derrotas m\u00e1s llamativas aparecen Tigre (52 a 48%), San Fernando (50,5 a 49,5%), Pilar (52 a 48%) y Escobar (52 a 48).<\/p>\n<p>Hubo ca\u00eddas previsibles en San Miguel (51 a 49%), Vicente L\u00f3pez (62 a 38%) y San Isidro (64 a 36%). Dentro de las curiosidades de la elecci\u00f3n figuran los casos de Campana, donde el intendente del PRO Sebasti\u00e1n Abella sorprendi\u00f3 con su respaldo a Sergio Massa, pero Uni\u00f3n por la Patria sac\u00f3 el 47,57% frente al 52,42% de Javier Milei y Tres de Febrero, distrito PRO en el que gan\u00f3 UxP por 50,07 a 49,93%<strong>(VW)<\/strong>.<\/p>\n","protected":false},"excerpt":{"rendered":"<p>UxP sac\u00f3 la diferencia esperada por Sergio Massa en la Tercera pero no despeg\u00f3 en la Primera. El interior de la provincia fue casi todo de Javier Milei.<\/p>\n","protected":false},"author":3,"featured_media":1288,"comment_status":"closed","ping_status":"closed","sticky":false,"template":"","format":"standard","meta":{"_monsterinsights_skip_tracking":false,"_monsterinsights_sitenote_active":false,"_monsterinsights_sitenote_note":"","_monsterinsights_sitenote_category":0,"footnotes":""},"categories":[4],"tags":[511,2519,1882],"class_list":["post-12613","post","type-post","status-publish","format-standard","has-post-thumbnail","hentry","category-politica","tag-bonaerense","tag-resultados","tag-votos"],"_links":{"self":[{"href":"https:\/\/www.visionweb.com.ar\/index.php?rest_route=\/wp\/v2\/posts\/12613","targetHints":{"allow":["GET"]}}],"collection":[{"href":"https:\/\/www.visionweb.com.ar\/index.php?rest_route=\/wp\/v2\/posts"}],"about":[{"href":"https:\/\/www.visionweb.com.ar\/index.php?rest_route=\/wp\/v2\/types\/post"}],"author":[{"embeddable":true,"href":"https:\/\/www.visionweb.com.ar\/index.php?rest_route=\/wp\/v2\/users\/3"}],"replies":[{"embeddable":true,"href":"https:\/\/www.visionweb.com.ar\/index.php?rest_route=%2Fwp%2Fv2%2Fcomments&post=12613"}],"version-history":[{"count":1,"href":"https:\/\/www.visionweb.com.ar\/index.php?rest_route=\/wp\/v2\/posts\/12613\/revisions"}],"predecessor-version":[{"id":12615,"href":"https:\/\/www.visionweb.com.ar\/index.php?rest_route=\/wp\/v2\/posts\/12613\/revisions\/12615"}],"wp:featuredmedia":[{"embeddable":true,"href":"https:\/\/www.visionweb.com.ar\/index.php?rest_route=\/wp\/v2\/media\/1288"}],"wp:attachment":[{"href":"https:\/\/www.visionweb.com.ar\/index.php?rest_route=%2Fwp%2Fv2%2Fmedia&parent=12613"}],"wp:term":[{"taxonomy":"category","embeddable":true,"href":"https:\/\/www.visionweb.com.ar\/index.php?rest_route=%2Fwp%2Fv2%2Fcategories&post=12613"},{"taxonomy":"post_tag","embeddable":true,"href":"https:\/\/www.visionweb.com.ar\/index.php?rest_route=%2Fwp%2Fv2%2Ftags&post=12613"}],"curies":[{"name":"wp","href":"https:\/\/api.w.org\/{rel}","templated":true}]}}