{"id":12609,"date":"2023-11-20T14:57:21","date_gmt":"2023-11-20T17:57:21","guid":{"rendered":"https:\/\/www.visionweb.com.ar\/?p=12609"},"modified":"2023-11-20T14:59:44","modified_gmt":"2023-11-20T17:59:44","slug":"kicillof-felicito-a-milei-por-el-resultado-de-la-eleccion","status":"publish","type":"post","link":"https:\/\/www.visionweb.com.ar\/?p=12609","title":{"rendered":"Kicillof felicit\u00f3 al presidente electo Javier Milei por el resultado de la elecci\u00f3n"},"content":{"rendered":"<p><em><strong>Lo hizo a trav\u00e9s de las redes sociales. Seg\u00fan el mandatario bonaerense, en la provincia se ratific\u00f3 el modelo en favor de los derechos, de la producci\u00f3n, el trabajo y de un futuro mejor para todos.<\/strong><\/em> \u00a0 <!--more--><\/p>\n<p><strong><img loading=\"lazy\" decoding=\"async\" class=\"size-medium wp-image-8972 alignleft\" src=\"https:\/\/www.visionweb.com.ar\/wp-content\/uploads\/2023\/01\/kicillof-gel-intimo-300x201.jpg\" alt=\"\" width=\"300\" height=\"201\" srcset=\"https:\/\/www.visionweb.com.ar\/wp-content\/uploads\/2023\/01\/kicillof-gel-intimo-300x201.jpg 300w, https:\/\/www.visionweb.com.ar\/wp-content\/uploads\/2023\/01\/kicillof-gel-intimo.bmp 628w\" sizes=\"auto, (max-width: 300px) 100vw, 300px\" \/>E<\/strong>l gobernador bonaerense Axel Kicillof felicit\u00f3 al presidente libertario electo, Javier Milei a trav\u00e9s de la red social X y habl\u00f3 del \u201ccompromiso irrestricto con la memoria, la verdad y la justicia\u201d.<\/p>\n<p>\u201cHoy el pueblo argentino vot\u00f3 en paz y eligi\u00f3 a un nuevo presidente, Javier Milei, al que reconocemos y felicitamos\u201d, escribi\u00f3 este lunes a la madrugada el mandatario bonaerense en las redes sociales.<\/p>\n<p>En referencia a los resultados favorables para Uni\u00f3n por la Patria en la provincia de Buenos Aires, el mandatario se\u00f1al\u00f3: \u201cTambi\u00e9n hoy, la mayor\u00eda de los bonaerenses ratific\u00f3 el proyecto reelecto en octubre, en favor de los derechos, de la producci\u00f3n, el trabajo y de un futuro mejor para todos\u201d.<\/p>\n<p>Y, en esa l\u00ednea, agreg\u00f3: \u201cSeguiremos trabajando para honrar ese compromiso asumido con el pueblo de la Provincia por los pr\u00f3ximos 4 a\u00f1os\u201d.<\/p>\n<p>Kicillof tambi\u00e9n sostuvo: \u201cA 40 a\u00f1os de la recuperaci\u00f3n de la democracia, tambi\u00e9n quiero ratificar nuestro juramento de respetar y hacer respetar la Constituci\u00f3n nacional, la de nuestra provincia y nuestro compromiso irrestricto con la memoria, la verdad y la justicia\u201d<strong>(VW)<\/strong>.<\/p>\n","protected":false},"excerpt":{"rendered":"<p>Lo hizo a trav\u00e9s de las redes sociales. Seg\u00fan el mandatario bonaerense, en la provincia se ratific\u00f3 el modelo en favor de los derechos, de la producci\u00f3n, el trabajo y de un futuro mejor&#46;&#46;&#46;<\/p>\n","protected":false},"author":3,"featured_media":8972,"comment_status":"closed","ping_status":"closed","sticky":false,"template":"","format":"standard","meta":{"_monsterinsights_skip_tracking":false,"_monsterinsights_sitenote_active":false,"_monsterinsights_sitenote_note":"","_monsterinsights_sitenote_category":0,"footnotes":""},"categories":[4],"tags":[511,167,5242],"class_list":["post-12609","post","type-post","status-publish","format-standard","has-post-thumbnail","hentry","category-politica","tag-bonaerense","tag-kicillof","tag-modelo"],"_links":{"self":[{"href":"https:\/\/www.visionweb.com.ar\/index.php?rest_route=\/wp\/v2\/posts\/12609","targetHints":{"allow":["GET"]}}],"collection":[{"href":"https:\/\/www.visionweb.com.ar\/index.php?rest_route=\/wp\/v2\/posts"}],"about":[{"href":"https:\/\/www.visionweb.com.ar\/index.php?rest_route=\/wp\/v2\/types\/post"}],"author":[{"embeddable":true,"href":"https:\/\/www.visionweb.com.ar\/index.php?rest_route=\/wp\/v2\/users\/3"}],"replies":[{"embeddable":true,"href":"https:\/\/www.visionweb.com.ar\/index.php?rest_route=%2Fwp%2Fv2%2Fcomments&post=12609"}],"version-history":[{"count":3,"href":"https:\/\/www.visionweb.com.ar\/index.php?rest_route=\/wp\/v2\/posts\/12609\/revisions"}],"predecessor-version":[{"id":12612,"href":"https:\/\/www.visionweb.com.ar\/index.php?rest_route=\/wp\/v2\/posts\/12609\/revisions\/12612"}],"wp:featuredmedia":[{"embeddable":true,"href":"https:\/\/www.visionweb.com.ar\/index.php?rest_route=\/wp\/v2\/media\/8972"}],"wp:attachment":[{"href":"https:\/\/www.visionweb.com.ar\/index.php?rest_route=%2Fwp%2Fv2%2Fmedia&parent=12609"}],"wp:term":[{"taxonomy":"category","embeddable":true,"href":"https:\/\/www.visionweb.com.ar\/index.php?rest_route=%2Fwp%2Fv2%2Fcategories&post=12609"},{"taxonomy":"post_tag","embeddable":true,"href":"https:\/\/www.visionweb.com.ar\/index.php?rest_route=%2Fwp%2Fv2%2Ftags&post=12609"}],"curies":[{"name":"wp","href":"https:\/\/api.w.org\/{rel}","templated":true}]}}