{"id":12606,"date":"2023-11-19T23:12:48","date_gmt":"2023-11-20T02:12:48","guid":{"rendered":"https:\/\/www.visionweb.com.ar\/?p=12606"},"modified":"2023-11-19T23:12:48","modified_gmt":"2023-11-20T02:12:48","slug":"milei-hoy-empieza-la-reconstruccion-del-pais","status":"publish","type":"post","link":"https:\/\/www.visionweb.com.ar\/?p=12606","title":{"rendered":"Milei: \u00abHoy empieza la reconstrucci\u00f3n del pa\u00eds\u00bb"},"content":{"rendered":"<p><em><strong>Para el Presidente electo no habr\u00e1 lugar para el gradualismo. La aseguro Javier Milei y convoc\u00f3 a todos los argentinos que se quieren sumar a la nueva pol\u00edtica.<\/strong><\/em><!--more--><\/p>\n<div id=\"attachment_12607\" style=\"width: 310px\" class=\"wp-caption alignright\"><img loading=\"lazy\" decoding=\"async\" aria-describedby=\"caption-attachment-12607\" class=\"wp-image-12607 size-medium\" src=\"https:\/\/www.visionweb.com.ar\/wp-content\/uploads\/2023\/11\/MILEI-300x169.png\" alt=\"\" width=\"300\" height=\"169\" srcset=\"https:\/\/www.visionweb.com.ar\/wp-content\/uploads\/2023\/11\/MILEI-300x169.png 300w, https:\/\/www.visionweb.com.ar\/wp-content\/uploads\/2023\/11\/MILEI.png 640w\" sizes=\"auto, (max-width: 300px) 100vw, 300px\" \/><p id=\"caption-attachment-12607\" class=\"wp-caption-text\">MIlei marca las primeras l\u00edneas de de su futura gesti\u00f3n (Foto: Telam)<\/p><\/div>\n<p><strong>E<\/strong>l presidente electo\u00a0<strong>Javier Milei<\/strong>\u00a0(La Libertad Avanza) afirm\u00f3 en la noche del domingo que \u00abhoy\u00a0<strong>empieza la reconstrucci\u00f3n de la Argentina<\/strong>\u00bb y advirti\u00f3 que \u00abno hay lugar para el gradualismo, ni tibieza, ni medias tintas\u00bb, porque \u00absi no avanzamos r\u00e1pido con los cambios estructurales nos dirigimos a la peor crisis de la historia\u00bb.<\/p>\n<p>En un discurso que ley\u00f3 en su bunker, un hotel de la avenida C\u00f3rdoba, el presidente electo sostuvo (en su gesti\u00f3n) no hay lugar para el gradualismo, \u00a0ni tibieza, ni medias tintas.\u00a0<strong>Si no avanzamos r\u00e1pido con los cambios estructurales nos dirigimos a la peor crisis de la historia<\/strong>\u00ab.<\/p>\n<p>Milei indic\u00f3 tambi\u00e9n que: \u00abHoy volveremos a retomar la libertad, se termina el camino de la decadencia. Hoy <strong>se termina esa visi\u00f3n de que el victimario son las v\u00edctimas y se acaba el modelo empobrecedor del estado omnipresente<\/strong>. Hoy abrazamos las ideas de (Juan Bautista) Alberdi\u00bb.<\/p>\n<p>Se refiri\u00f3 tambi\u00e9n a los sectores sociales que se resisten a sus propuestas electorales y afirm\u00f3: <strong>\u00abSabemos que hay gente que se va a resistir, a todos aquellos: dentro de la ley todo, fuera de la ley nada\u00bb<\/strong>.Milei\u00a0 indic\u00f3 que los problemas con la \u00abinflaci\u00f3n\u00bb, \u00abindigencia\u00bb, \u00abestancamiento\u00bb y \u00abpobreza\u00bb, se resuelven \u00ababrazando las ideas de la libertad\u00bb.<\/p>\n<p>Por \u00faltimo, sostuvo que \u00abdesde la primera hora de ma\u00f1ana (por el lunes) vamos a trabajar para traer las soluciones que los argentinos necesitan\u00bb<strong>(VW)<\/strong><\/p>\n<p>Con informaci\u00f3n de la agencia Telam<\/p>\n","protected":false},"excerpt":{"rendered":"<p>Para el Presidente electo no habr\u00e1 lugar para el gradualismo. La aseguro Javier Milei y convoc\u00f3 a todos los argentinos que se quieren sumar a la nueva pol\u00edtica.<\/p>\n","protected":false},"author":3,"featured_media":12607,"comment_status":"closed","ping_status":"closed","sticky":false,"template":"","format":"standard","meta":{"_monsterinsights_skip_tracking":false,"_monsterinsights_sitenote_active":false,"_monsterinsights_sitenote_note":"","_monsterinsights_sitenote_category":0,"footnotes":""},"categories":[4],"tags":[],"class_list":["post-12606","post","type-post","status-publish","format-standard","has-post-thumbnail","hentry","category-politica"],"_links":{"self":[{"href":"https:\/\/www.visionweb.com.ar\/index.php?rest_route=\/wp\/v2\/posts\/12606","targetHints":{"allow":["GET"]}}],"collection":[{"href":"https:\/\/www.visionweb.com.ar\/index.php?rest_route=\/wp\/v2\/posts"}],"about":[{"href":"https:\/\/www.visionweb.com.ar\/index.php?rest_route=\/wp\/v2\/types\/post"}],"author":[{"embeddable":true,"href":"https:\/\/www.visionweb.com.ar\/index.php?rest_route=\/wp\/v2\/users\/3"}],"replies":[{"embeddable":true,"href":"https:\/\/www.visionweb.com.ar\/index.php?rest_route=%2Fwp%2Fv2%2Fcomments&post=12606"}],"version-history":[{"count":1,"href":"https:\/\/www.visionweb.com.ar\/index.php?rest_route=\/wp\/v2\/posts\/12606\/revisions"}],"predecessor-version":[{"id":12608,"href":"https:\/\/www.visionweb.com.ar\/index.php?rest_route=\/wp\/v2\/posts\/12606\/revisions\/12608"}],"wp:featuredmedia":[{"embeddable":true,"href":"https:\/\/www.visionweb.com.ar\/index.php?rest_route=\/wp\/v2\/media\/12607"}],"wp:attachment":[{"href":"https:\/\/www.visionweb.com.ar\/index.php?rest_route=%2Fwp%2Fv2%2Fmedia&parent=12606"}],"wp:term":[{"taxonomy":"category","embeddable":true,"href":"https:\/\/www.visionweb.com.ar\/index.php?rest_route=%2Fwp%2Fv2%2Fcategories&post=12606"},{"taxonomy":"post_tag","embeddable":true,"href":"https:\/\/www.visionweb.com.ar\/index.php?rest_route=%2Fwp%2Fv2%2Ftags&post=12606"}],"curies":[{"name":"wp","href":"https:\/\/api.w.org\/{rel}","templated":true}]}}