{"id":12600,"date":"2023-11-19T22:38:23","date_gmt":"2023-11-20T01:38:23","guid":{"rendered":"https:\/\/www.visionweb.com.ar\/?p=12600"},"modified":"2023-11-19T22:38:23","modified_gmt":"2023-11-20T01:38:23","slug":"javier-milei-es-el-nuevo-presidente-de-los-argentinos","status":"publish","type":"post","link":"https:\/\/www.visionweb.com.ar\/?p=12600","title":{"rendered":"Javier Milei es el nuevo presidente de los Argentinos"},"content":{"rendered":"<p><strong><em>El candidato de Uni\u00f3n por la Patria\u00a0 (UxP), reconoci\u00f3 su derrota y felicito al candidato de la Libertad Avanza\u00a0 (LLA)<\/em><\/strong><!--more--><\/p>\n<div id=\"attachment_12603\" style=\"width: 310px\" class=\"wp-caption alignright\"><img loading=\"lazy\" decoding=\"async\" aria-describedby=\"caption-attachment-12603\" class=\"wp-image-12603 size-medium\" src=\"https:\/\/www.visionweb.com.ar\/wp-content\/uploads\/2023\/11\/PRESIDENTE-300x200.png\" alt=\"\" width=\"300\" height=\"200\" srcset=\"https:\/\/www.visionweb.com.ar\/wp-content\/uploads\/2023\/11\/PRESIDENTE-300x200.png 300w, https:\/\/www.visionweb.com.ar\/wp-content\/uploads\/2023\/11\/PRESIDENTE.png 640w\" sizes=\"auto, (max-width: 300px) 100vw, 300px\" \/><p id=\"caption-attachment-12603\" class=\"wp-caption-text\"><strong><em>Sergio Massa felicit\u00f3 a Milei y reconoci\u00f3 su derrota (Foto: TN) <\/em><\/strong><\/p><\/div>\n<p><strong>S<\/strong>ergio Massa, candidato a presidente de los argentinos por la agrupaci\u00f3n Uni\u00f3n por la Patria, felicit\u00f3 esta noche a si contrincante de LLA, Javier Milei, por su triunfo en el balotaje, que lo coron\u00f3 como presidente electo de los argentinos.<\/p>\n<p>Cuando aun no se hab\u00eda totalizado el 80 por ciento del escrutinio y, con los resultados de las Mesas Tetigo, el ministro de Econom\u00eda de esta gesti\u00f3n encabezada por Alberto Fern\u00e1ndez, desde su bunker ubicado en Corrientes y Dorrego en el barrio porte\u00f1o de Chacarita, se dirigi\u00f3 a los militantes y expres\u00f3: \u00abQuiero decirles que los resultados\u00a0 no son los que esper\u00e1bamos y, me he comunicado con Javier Milei para felicitarlo y, desearle suerte porque es el Presidente que la mayor\u00eda de los argentinos eligi\u00f3 para los pr\u00f3ximos cuatro a\u00f1os\u00bb<\/p>\n<p>Entre aplausos y vivas frente a una militancia en la que se dibujabas la angustia de la derrota y en muchas caras hasta con l\u00e1grimas, Massa a\u00f1adi\u00f3: \u00abLo hice convencido de que lo m\u00e1s importante que le tenemos que dejar a los argentinos y las argentinas, esta noche, es el mensaje de que la convivencia, el di\u00e1logo y el respeto por la paz frente a tanta violencia y descalificaci\u00f3n, es el mejor camino que podemos recorrer\u00bb<\/p>\n<p>Massa subi\u00f3 al escenario aplaudiendo,\u00a0 vestido con un saco azul, una camisa clara, pantal\u00f3n vaquero, secundado por su esposa, Malena Galmarini, Agust\u00edn Rossi, el gobernador bonarense, Axel Kicillof, la\u00a0 presidenta de la C\u00e1mara de diputados, Cecilia Moreau, M\u00e1ximo Kirchner y el referente de la CGT, H\u00e9ctor Daher, del gremio de la Sanidad, entre otros.<\/p>\n<p>\u00abElegimos defender y promover a lo largo de la campa\u00f1a el camino de la educaci\u00f3n p\u00fablica y de la salud p\u00fablica como valores centrales, elegimos defender a al industria nacional, al trabajo argentino, a nuestras PyMes, a los trabajadores con derechos, porque sentimos que es la mejor forma de construir prosperidad, movilidad social ascendente, pero sobre todas las cosas, que es la mejor forma de construir progreso para la naci\u00f3n\u00bb, expres\u00f3.<\/p>\n<p>Por \u00faltimo y respecto de la actitud del electorado, el ahora ex candidato a la Presidencia agreg\u00f3: \u00abLos argentinos eligieron otro camino y desde ma\u00f1ana la responsabilidad, la tarea de dar certezas, de transmitirles garant\u00edas sobre el funcionamiento pol\u00edtico, social y econ\u00f3mico de la Argentina es responsabilidad del Presidente electo y esperamos que as\u00ed lo haga\u00bb<\/p>\n<p>Massa enfatiz\u00f3 que a partir de este lunes se \u00abpondr\u00e1n en marcha los mecanismos de enlace y transici\u00f3n del recambio democr\u00e1ticos para que los argentinos, en los pr\u00f3ximos 19 d\u00edas d\u00edas no tengan dudas ni incertidumbres respecto del funcionamiento institucional.<\/p>\n<p>\u00abSigo creyendo que Argentina necesita acuerdos de pol\u00edticas de estado, que los sistemas educativos, laboral de garant\u00edas de derechos humanos, de relaciones internacionales de la Argentina con el mundo deben ser acuerdos por los que la Argentina transite los pr\u00f3ximos 10 a\u00f1os y es la responsabilidad que tenemos todos y cada uno de nosotros\u00bb, cerr\u00f3. <strong>(VW)<\/strong><\/p>\n<p>&nbsp;<\/p>\n","protected":false},"excerpt":{"rendered":"<p>El candidato de Uni\u00f3n por la Patria\u00a0 (UxP), reconoci\u00f3 su derrota y felicito al candidato de la Libertad Avanza\u00a0 (LLA)<\/p>\n","protected":false},"author":3,"featured_media":12603,"comment_status":"closed","ping_status":"closed","sticky":false,"template":"","format":"standard","meta":{"_monsterinsights_skip_tracking":false,"_monsterinsights_sitenote_active":false,"_monsterinsights_sitenote_note":"","_monsterinsights_sitenote_category":0,"footnotes":""},"categories":[4,1],"tags":[162,5107,869,4530,588],"class_list":["post-12600","post","type-post","status-publish","format-standard","has-post-thumbnail","hentry","category-politica","category-uncategorized","tag-argentina","tag-balotaje","tag-massa","tag-milei","tag-presidente"],"_links":{"self":[{"href":"https:\/\/www.visionweb.com.ar\/index.php?rest_route=\/wp\/v2\/posts\/12600","targetHints":{"allow":["GET"]}}],"collection":[{"href":"https:\/\/www.visionweb.com.ar\/index.php?rest_route=\/wp\/v2\/posts"}],"about":[{"href":"https:\/\/www.visionweb.com.ar\/index.php?rest_route=\/wp\/v2\/types\/post"}],"author":[{"embeddable":true,"href":"https:\/\/www.visionweb.com.ar\/index.php?rest_route=\/wp\/v2\/users\/3"}],"replies":[{"embeddable":true,"href":"https:\/\/www.visionweb.com.ar\/index.php?rest_route=%2Fwp%2Fv2%2Fcomments&post=12600"}],"version-history":[{"count":4,"href":"https:\/\/www.visionweb.com.ar\/index.php?rest_route=\/wp\/v2\/posts\/12600\/revisions"}],"predecessor-version":[{"id":12605,"href":"https:\/\/www.visionweb.com.ar\/index.php?rest_route=\/wp\/v2\/posts\/12600\/revisions\/12605"}],"wp:featuredmedia":[{"embeddable":true,"href":"https:\/\/www.visionweb.com.ar\/index.php?rest_route=\/wp\/v2\/media\/12603"}],"wp:attachment":[{"href":"https:\/\/www.visionweb.com.ar\/index.php?rest_route=%2Fwp%2Fv2%2Fmedia&parent=12600"}],"wp:term":[{"taxonomy":"category","embeddable":true,"href":"https:\/\/www.visionweb.com.ar\/index.php?rest_route=%2Fwp%2Fv2%2Fcategories&post=12600"},{"taxonomy":"post_tag","embeddable":true,"href":"https:\/\/www.visionweb.com.ar\/index.php?rest_route=%2Fwp%2Fv2%2Ftags&post=12600"}],"curies":[{"name":"wp","href":"https:\/\/api.w.org\/{rel}","templated":true}]}}