{"id":12594,"date":"2023-11-17T11:41:11","date_gmt":"2023-11-17T14:41:11","guid":{"rendered":"https:\/\/www.visionweb.com.ar\/?p=12594"},"modified":"2023-11-17T11:46:32","modified_gmt":"2023-11-17T14:46:32","slug":"12594","status":"publish","type":"post","link":"https:\/\/www.visionweb.com.ar\/?p=12594","title":{"rendered":"Se realiz\u00f3 en Buenos Aires el festival de cortos animados"},"content":{"rendered":"<p><strong><em>En el marco del festival, el 9 de noviembre se celebr\u00f3 el D\u00eda de la Animaci\u00f3n Argentina, una fecha que fue instituida por la ley 27.326 por iniciativa de los organizadores del Festival Cart\u00f3n.<\/em><\/strong><!--more--><\/p>\n<div id=\"attachment_12595\" style=\"width: 310px\" class=\"wp-caption alignright\"><img loading=\"lazy\" decoding=\"async\" aria-describedby=\"caption-attachment-12595\" class=\"wp-image-12595 size-medium\" src=\"https:\/\/www.visionweb.com.ar\/wp-content\/uploads\/2023\/11\/Festival-del-Carton-300x169.png\" alt=\"\" width=\"300\" height=\"169\" srcset=\"https:\/\/www.visionweb.com.ar\/wp-content\/uploads\/2023\/11\/Festival-del-Carton-300x169.png 300w, https:\/\/www.visionweb.com.ar\/wp-content\/uploads\/2023\/11\/Festival-del-Carton.png 640w\" sizes=\"auto, (max-width: 300px) 100vw, 300px\" \/><p id=\"caption-attachment-12595\" class=\"wp-caption-text\"><em><strong>En el Instituto de Arte Cinematogr\u00e1fico (IDAC), de Avellaneda, se present\u00f3 la segunda temporada de la miniserie web \u201cVig\u00eda Planetario\u201d ,(Prensa, del Festival)<\/strong><\/em><\/p><\/div>\n<p>El 12do. Festival Cart\u00f3n, que se llev\u00f3 a cabo en la Ciudad de Buenos Aires y en Avellaneda, reconoci\u00f3 a cortometrajes animados provenientes de China, B\u00e9lgica, Estados Unidos, Brasil, Francia, Singapur, Rusia y Argentina.<\/p>\n<p>La muestra se llev\u00f3 a cabo durante siete d\u00edas hasta el 11 de noviembre \u00faltimo, yse incluyeron mesas de debate, retrospectivas, presentaciones de libros, conversatorios, talleres, entrevistas p\u00fablicas y diferentes actividades.<\/p>\n<p><strong>El cierre tuvo lugar en el Centro Cultural de la Ciencia, en Palermo, en donde se otorgaron los premios nacionales e internacionales.<\/strong><\/p>\n<p>En el plano local, la categor\u00eda Mejor corto narrativo fue para \u201cP\u00e1jaro\u201d, de Carlos Montoya; premio Cine.ar para \u201cEse perro est\u00e1 raro\u201d, de Juan Nadalino, Facundo Quiroga y Sebasti\u00e1n Garc\u00eda; Microcorto para \u201cSanta Sombra\u201d de Patricio Plaza y Paula Boffo; Mejor videoclip para \u201cNo lullaby\u201d de Ezequiel Torres; Mejor corto de estudiantes para \u201cExtra\u00f1ados\u201d de Luc\u00eda Ver\u00f3nica Saucedo; y Mejor mejor corto experimental\/videoarte \u201cUmbral de silencio\u201d, de Carmen del Rosario Garz\u00f3n.<\/p>\n<p>Adem\u00e1s, recibieron menciones las siguientes obras: \u201cCubo\u201d, de Guido Devoto; \u201cEl mago Georges\u201d de Katalin Egely, \u201cMedialunas\u201d de Mariano Mendes; \u00abSan la Muerte\u00bb de Eze Mateo, \u201cVig\u00eda Planetario\u201d, de Daniel Duche, \u201cChico basura\u201d de Andr\u00e9s Almasio y \u201cT\u00b4ipaqkuna kullakitas\u201d (\u201cHermanitas tejedoras) de Sof\u00eda Quir\u00f3s y Daniel Canto Molina.<\/p>\n<p>En el plano internacional los premios fueron para \u201cCourier\u201d de Kate Gornostaeva (Rusia) en Mejor corto narrativo; \u201cWork Forced\u201d de Artur Akhmetzyamov (Singapur) en Microcortos; \u201cKing of sea\u201d de St\u00e9phane Berla (Francia) en Videoclip; \u201cRay anda Manny\u201d de Paula de Abreu Resende (Brasil) y \u201cLe bride\u201d de Nicol\u00e1s Piret (B\u00e9lgica) y Jung &amp; Restless de Joanna Priestley (Estados Unidos) compartieron el galard\u00f3n a Mejor corto experimental\/videoarte.<\/p>\n<p><strong>D\u00eda de la Animaci\u00f3n<\/strong><\/p>\n<p>En el marco del festival, el 9 de noviembre se celebr\u00f3 el D\u00eda de la Animaci\u00f3n Argentina, una fecha que fue instituida por la ley 27.326 por iniciativa de los organizadores del Festival Cart\u00f3n. Conmemora el estreno del primer largometraje animado en 1917, la pel\u00edcula argentina \u201cEl Ap\u00f3stol\u201d, de Quirino Cristiani.<\/p>\n<p>Entre otras actividades, en el Edificio Municipal Leonardo Favio del Instituto de Arte Cinematogr\u00e1fico (IDAC), en Avellaneda, se present\u00f3 la segunda temporada de la miniserie web \u201cVig\u00eda Planetario\u201d, de Daniel Duche, y la reconocida animadora y docente Isabel Mac\u00edas brind\u00f3 una charla sobre su especialidad, la animaci\u00f3n textil.<\/p>\n<p>En paralelo, en La Tribu Mostra Bar, en el\u00a0 barrio de Almagro, tres importantes referentes del mundo de la animaci\u00f3n dialogaron sobre los desaf\u00edos y dificultades de animar en la Argentina. Participaron la directora de Pakapaka, Cielo Salviolo; el director de \u201cCarne de dios\u201d, Patricio Plaza; y la animadora e ilustradora Laura Desmery. La moderaci\u00f3n estuvo a cargo del periodista de esta agencia, Tom\u00e1s Eliaschev.<\/p>\n<p>El Festival Cart\u00f3n naci\u00f3 en 2011 con el padrinazgo del humorista gr\u00e1fico Caloi, que con su programa \u201cCaloi en su tinta\u201d fue uno de los mayores difusores de la animaci\u00f3n<strong>(VW)<\/strong>.<\/p>\n","protected":false},"excerpt":{"rendered":"<p>En el marco del festival, el 9 de noviembre se celebr\u00f3 el D\u00eda de la Animaci\u00f3n Argentina, una fecha que fue instituida por la ley 27.326 por iniciativa de los organizadores del Festival Cart\u00f3n.<\/p>\n","protected":false},"author":3,"featured_media":12595,"comment_status":"closed","ping_status":"closed","sticky":false,"template":"","format":"standard","meta":{"_monsterinsights_skip_tracking":false,"_monsterinsights_sitenote_active":false,"_monsterinsights_sitenote_note":"","_monsterinsights_sitenote_category":0,"footnotes":""},"categories":[7],"tags":[83,330,5241,228],"class_list":["post-12594","post","type-post","status-publish","format-standard","has-post-thumbnail","hentry","category-educacion-y-cultura","tag-avellaneda","tag-caba","tag-cortos","tag-festival"],"_links":{"self":[{"href":"https:\/\/www.visionweb.com.ar\/index.php?rest_route=\/wp\/v2\/posts\/12594","targetHints":{"allow":["GET"]}}],"collection":[{"href":"https:\/\/www.visionweb.com.ar\/index.php?rest_route=\/wp\/v2\/posts"}],"about":[{"href":"https:\/\/www.visionweb.com.ar\/index.php?rest_route=\/wp\/v2\/types\/post"}],"author":[{"embeddable":true,"href":"https:\/\/www.visionweb.com.ar\/index.php?rest_route=\/wp\/v2\/users\/3"}],"replies":[{"embeddable":true,"href":"https:\/\/www.visionweb.com.ar\/index.php?rest_route=%2Fwp%2Fv2%2Fcomments&post=12594"}],"version-history":[{"count":3,"href":"https:\/\/www.visionweb.com.ar\/index.php?rest_route=\/wp\/v2\/posts\/12594\/revisions"}],"predecessor-version":[{"id":12598,"href":"https:\/\/www.visionweb.com.ar\/index.php?rest_route=\/wp\/v2\/posts\/12594\/revisions\/12598"}],"wp:featuredmedia":[{"embeddable":true,"href":"https:\/\/www.visionweb.com.ar\/index.php?rest_route=\/wp\/v2\/media\/12595"}],"wp:attachment":[{"href":"https:\/\/www.visionweb.com.ar\/index.php?rest_route=%2Fwp%2Fv2%2Fmedia&parent=12594"}],"wp:term":[{"taxonomy":"category","embeddable":true,"href":"https:\/\/www.visionweb.com.ar\/index.php?rest_route=%2Fwp%2Fv2%2Fcategories&post=12594"},{"taxonomy":"post_tag","embeddable":true,"href":"https:\/\/www.visionweb.com.ar\/index.php?rest_route=%2Fwp%2Fv2%2Ftags&post=12594"}],"curies":[{"name":"wp","href":"https:\/\/api.w.org\/{rel}","templated":true}]}}