{"id":12591,"date":"2023-11-17T11:21:12","date_gmt":"2023-11-17T14:21:12","guid":{"rendered":"https:\/\/www.visionweb.com.ar\/?p=12591"},"modified":"2023-11-17T11:48:10","modified_gmt":"2023-11-17T14:48:10","slug":"vacaciones-sortearan-90-carpas-para-ocupar-de-forma-gratuitas-en-las-playas-marplatenses","status":"publish","type":"post","link":"https:\/\/www.visionweb.com.ar\/?p=12591","title":{"rendered":"Vacaciones: Sortearan 90 carpas para ocupar de forma gratuitas en las playas marplatenses"},"content":{"rendered":"<p><em><strong>Es una iniciativa del gobierno bonaerense, junto con la administraci\u00f3n del complejo Punta Mogotes. La inscripci\u00f3n se abrir\u00e1 a partir del 7 de diciembre.\u00a0 <\/strong><\/em><!--more--><\/p>\n<div id=\"attachment_12592\" style=\"width: 310px\" class=\"wp-caption alignright\"><img loading=\"lazy\" decoding=\"async\" aria-describedby=\"caption-attachment-12592\" class=\"wp-image-12592 size-medium\" src=\"https:\/\/www.visionweb.com.ar\/wp-content\/uploads\/2023\/11\/COMPLEJO-PUNTA-MOGOTES-300x200.png\" alt=\"\" width=\"300\" height=\"200\" srcset=\"https:\/\/www.visionweb.com.ar\/wp-content\/uploads\/2023\/11\/COMPLEJO-PUNTA-MOGOTES-300x200.png 300w, https:\/\/www.visionweb.com.ar\/wp-content\/uploads\/2023\/11\/COMPLEJO-PUNTA-MOGOTES.png 640w\" sizes=\"auto, (max-width: 300px) 100vw, 300px\" \/><p id=\"caption-attachment-12592\" class=\"wp-caption-text\"><em><strong>El complejo Puta Mogotes ofrece espacios de esparcimiento con todas las comodidades (Foto: UTHGRA)<\/strong><\/em><\/p><\/div>\n<p><strong>L<\/strong>a administraci\u00f3n del complejo Balneario Punta Mogotes sorteara para la temporada veraniega 2023\/2024 90 carpas que podr\u00e1n ser ocupadas por los beneficiarios del sorteo que resulten elegidos.<\/p>\n<p><span id=\"saysCMSEmphasisqoqdoa4fnp\" class=\"saysCMSEmphasis\">\u00abEl sorteo de carpas en Punta Mogotes ya se convirti\u00f3 en un cl\u00e1sico de los veranos en la ciudad, cada uno de los 90 ganadores tendr\u00e1n la posibilidad de disfrutar de un mes de carpa gratis con su respectivo estacionamiento en alguno de los 24 balnearios del complejo\u00bb<\/span>, explic\u00f3 el administrador general de Punta Mogotes,\u00a0<strong>Fernando Maraude.<\/strong><\/p>\n<section class=\"detail-note_news-article\" data-td-script-src=\"https:\/\/infocielo.com\/js-custom\/vendor\/jquery\/dist\/jquery.min-min-version-1598405132.js,https:\/\/infocielo.com\/js-custom\/299\/functions\/checkTwitterQuoteHighlight-min-version-1630609151.js,https:\/\/infocielo.com\/js-custom\/299\/functions\/embedsVideosOnBody-min-version-1630609151.js\">\n<div class=\"detail-note_body\" data-twitter-link=\"https:\/\/twitter.com\/intent\/tweet?url=https%3A%2F%2Finfocielo.com%2Fc775655&amp;related=infocielo&amp;text=Sortear%C3%A1n+90+carpas+gratuitas+para+la+temporada+en+Mar+del+Plata%3A+c%C3%B3mo+participo+&amp;via=infocielo\">\n<p>El complejo de Punta Mogotes est\u00e1 situado en la zona sur de Mar del Plata y se trata de uno de los m\u00e1s extensos de la ciudad costera. A su vez, sus balnearios cuentan con servicios gastron\u00f3micos, deportivos y de recreaci\u00f3n, sumando al Parque Ambiental, situado en el sector de lagunas.<\/p>\n<\/div>\n<\/section>\n<section class=\"detail-note_news-article\" data-td-script-src=\"https:\/\/infocielo.com\/js-custom\/vendor\/jquery\/dist\/jquery.min-min-version-1598405132.js,https:\/\/infocielo.com\/js-custom\/299\/functions\/checkTwitterQuoteHighlight-min-version-1630609151.js,https:\/\/infocielo.com\/js-custom\/299\/functions\/embedsVideosOnBody-min-version-1630609151.js\">\n<div class=\"detail-note_body\" data-twitter-link=\"https:\/\/twitter.com\/intent\/tweet?url=https%3A%2F%2Finfocielo.com%2Fc775655&amp;related=infocielo&amp;text=Sortear%C3%A1n+90+carpas+gratuitas+para+la+temporada+en+Mar+del+Plata%3A+c%C3%B3mo+participo+&amp;via=infocielo\">\n<p><span id=\"saysCMSEmphasisdstbayw5vrr\" class=\"saysCMSEmphasis\">\u00abLas expectativas para esta temporada son altas, as\u00ed lo refleja el alto nivel de reservas. Desde la administraci\u00f3n acompa\u00f1amos con estas acciones promocionales que van en l\u00ednea con el trabajo que se viene realizando durante todo el a\u00f1o\u00bb<\/span>, a\u00f1adi\u00f3 el funcionario local, public\u00f3 Infocielo.<\/p>\n<p>Los interesados en participar del sorteo de las 90 carpas gratuitas de Punta Mogotes deber\u00e1n registrarse y completar el\u00a0<a href=\"https:\/\/puntamogotes.gob.ar\/sorteo\/\" target=\"_blank\" rel=\"follow noopener\">formulario digital<\/a>\u00a0que se encuentra en la p\u00e1gina institucional<a href=\"https:\/\/puntamogotes.gob.ar\/\" target=\"_blank\" rel=\"follow noopener\">: www.puntamogotes.gob.ar.\u00a0<\/a>Cabe se\u00f1alar que, podr\u00e1n inscribirse ciudadanos de Mar del Plata como tambi\u00e9n personas de todo el pa\u00eds.<\/p>\n<p>El sorteo se realizar\u00e1 el\u00a0<strong>jueves 7 de diciembre<\/strong>\u00a0a las 10 horas ante escribano p\u00fablico y ser\u00e1 transmitido en vivo mediante la cuenta de Instagram\u00a0<a class=\"x1i10hfl xjbqb8w x6umtig x1b1mbwd xaqea5y xav7gou x9f619 x1ypdohk xt0psk2 xe8uvvx xdj266r x11i5rnm xat24cr x1mh8g0r xexx8yu x4uap5 x18d9i69 xkhd6sd x16tdsg8 x1hl2dhg xggy1nq x1a2a7pz notranslate _a6hd\" tabindex=\"0\" role=\"link\" href=\"https:\/\/www.instagram.com\/puntamogotesmdq\/\">@puntamogotesmdq<\/a>, tal como se hiciera los a\u00f1os anteriores. En tanto, la inscripci\u00f3n se podr\u00e1 llevar a cabo hasta las 8 horas del mismo 7 de diciembre<strong>(VW)<\/strong>.<\/p>\n<\/div>\n<\/section>\n<p>&nbsp;<\/p>\n","protected":false},"excerpt":{"rendered":"<p>Es una iniciativa del gobierno bonaerense, junto con la administraci\u00f3n del complejo Punta Mogotes. La inscripci\u00f3n se abrir\u00e1 a partir del 7 de diciembre.\u00a0<\/p>\n","protected":false},"author":3,"featured_media":12592,"comment_status":"closed","ping_status":"closed","sticky":false,"template":"","format":"standard","meta":{"_monsterinsights_skip_tracking":false,"_monsterinsights_sitenote_active":false,"_monsterinsights_sitenote_note":"","_monsterinsights_sitenote_category":0,"footnotes":""},"categories":[700],"tags":[10,3291,1550,212],"class_list":["post-12591","post","type-post","status-publish","format-standard","has-post-thumbnail","hentry","category-turismo","tag-playas","tag-punta-mogotes","tag-vacaciones","tag-verano"],"_links":{"self":[{"href":"https:\/\/www.visionweb.com.ar\/index.php?rest_route=\/wp\/v2\/posts\/12591","targetHints":{"allow":["GET"]}}],"collection":[{"href":"https:\/\/www.visionweb.com.ar\/index.php?rest_route=\/wp\/v2\/posts"}],"about":[{"href":"https:\/\/www.visionweb.com.ar\/index.php?rest_route=\/wp\/v2\/types\/post"}],"author":[{"embeddable":true,"href":"https:\/\/www.visionweb.com.ar\/index.php?rest_route=\/wp\/v2\/users\/3"}],"replies":[{"embeddable":true,"href":"https:\/\/www.visionweb.com.ar\/index.php?rest_route=%2Fwp%2Fv2%2Fcomments&post=12591"}],"version-history":[{"count":2,"href":"https:\/\/www.visionweb.com.ar\/index.php?rest_route=\/wp\/v2\/posts\/12591\/revisions"}],"predecessor-version":[{"id":12599,"href":"https:\/\/www.visionweb.com.ar\/index.php?rest_route=\/wp\/v2\/posts\/12591\/revisions\/12599"}],"wp:featuredmedia":[{"embeddable":true,"href":"https:\/\/www.visionweb.com.ar\/index.php?rest_route=\/wp\/v2\/media\/12592"}],"wp:attachment":[{"href":"https:\/\/www.visionweb.com.ar\/index.php?rest_route=%2Fwp%2Fv2%2Fmedia&parent=12591"}],"wp:term":[{"taxonomy":"category","embeddable":true,"href":"https:\/\/www.visionweb.com.ar\/index.php?rest_route=%2Fwp%2Fv2%2Fcategories&post=12591"},{"taxonomy":"post_tag","embeddable":true,"href":"https:\/\/www.visionweb.com.ar\/index.php?rest_route=%2Fwp%2Fv2%2Ftags&post=12591"}],"curies":[{"name":"wp","href":"https:\/\/api.w.org\/{rel}","templated":true}]}}