{"id":12587,"date":"2023-11-16T17:30:32","date_gmt":"2023-11-16T20:30:32","guid":{"rendered":"https:\/\/www.visionweb.com.ar\/?p=12587"},"modified":"2023-11-16T17:30:32","modified_gmt":"2023-11-16T20:30:32","slug":"estatales-bonaerenses-acordaron-un-aumento-del-25","status":"publish","type":"post","link":"https:\/\/www.visionweb.com.ar\/?p=12587","title":{"rendered":"Estatales bonaerenses acordaron un aumento del 25%"},"content":{"rendered":"<p><strong><em>Luego del aumento dl 22% aceptado por los gremios docentes, los estatales bonaerenses cerraron una mejora salarial del 25% que se cobrar\u00e1 con los haberos de noviembre. En diciembre retomar\u00e1n las negociaciones.<\/em><\/strong>\u00a0<!--more--><\/p>\n<div id=\"attachment_6977\" style=\"width: 310px\" class=\"wp-caption alignright\"><img loading=\"lazy\" decoding=\"async\" aria-describedby=\"caption-attachment-6977\" class=\"wp-image-6977 size-medium\" src=\"https:\/\/www.visionweb.com.ar\/wp-content\/uploads\/2022\/08\/ESTATALES-PIDEN-REABRIR-LAS-PARITARIAS-CADA-TRES-MESES-300x169.png\" alt=\"\" width=\"300\" height=\"169\" srcset=\"https:\/\/www.visionweb.com.ar\/wp-content\/uploads\/2022\/08\/ESTATALES-PIDEN-REABRIR-LAS-PARITARIAS-CADA-TRES-MESES-300x169.png 300w, https:\/\/www.visionweb.com.ar\/wp-content\/uploads\/2022\/08\/ESTATALES-PIDEN-REABRIR-LAS-PARITARIAS-CADA-TRES-MESES.png 640w\" sizes=\"auto, (max-width: 300px) 100vw, 300px\" \/><p id=\"caption-attachment-6977\" class=\"wp-caption-text\"><em><strong>Los trabajadores bonaerenses nucleados en ATE acordaron un aumento del 25%. <\/strong> <\/em><\/p><\/div>\n<p><strong>L<\/strong>uego de varias negociaciones, lel Gobierno bonaerense acord\u00f3 con los estatales de la ley 10.430 un incremento del 25% para el mes de noviembre (en relaci\u00f3n a los salarios de diciembre de 2022) y el sector ya alcanz\u00f3 un 120% promedio de aumento en lo que va del a\u00f1o.<\/p>\n<p>Las partes se reunieron la semana pasada para escuchar la oferta de la Provincia, que fue del 15%, pero fue rechazada. Luego siguieron negociando de manera informal: el Ejecutivo ofrec\u00eda un incremento de 22% y los gremios del sector ped\u00edan un 30%.<\/p>\n<p>Finalmente, en un encuentro realizado este jueves, la gesti\u00f3n de Axel Kicillof alcanz\u00f3 un acuerdo con los sindicatos que representan a los estatales aceptaron la oferta del 25% y la promesa de hacer una revisi\u00f3n en diciembre para el cierre del a\u00f1o, consignaron desde fuentes gremiales, que ratificado por un comunicado.<\/p>\n<p>La Asociaci\u00f3n Trabajadores del Estado (ATE) detall\u00f3 en un comunicado que \u201cen lo que hace al sector que comprende a los y las auxiliares de la educaci\u00f3n el aumento fue del 26,4%\u201d. \u201cAsimismo, para dichos estatales junto a otros sectores m\u00e1s postergados salarialmente se logr\u00f3 sostener el 50% de la garant\u00eda salarial acordada en el mes de septiembre\u201d, agreg\u00f3 la organizaci\u00f3n.<\/p>\n<p>Con el nuevo acuerdo, en los primeros once meses del a\u00f1o el incremento alcanza un acumulado promedio del 120% para trabajadores de la administraci\u00f3n central, del 131,2% para auxiliares de la educaci\u00f3n y del 129% para el sector salud. Aun falta cerrar un acuerdo con los trabajadores judiciales.<\/p>\n<p>El secretario general de ATE bonaerense, Claudio Ar\u00e9valo, indic\u00f3 que \u201cel actual acuerdo se da en un escenario complejo\u201d y que \u201cdesde ATE continuaremos con la premisa con la que venimos trabajando que es no perder con la inflaci\u00f3n\u201d.<\/p>\n<p>\u201cEn lo que respecta a la negociaci\u00f3n de diciembre, vamos a impulsar que se den subas salariales que nos permitan cerrar el 2023 por encima de la inflaci\u00f3n anual, avanzando en el camino de reparaci\u00f3n de derechos que venimos impulsando\u201d, detall\u00f3.<\/p>\n<p>Ayer, la Provincia tambi\u00e9n acord\u00f3 con los docentes. En el caso de los maestros se cerr\u00f3 un incremento de 22 puntos en relaci\u00f3n a los salarios de febrero, para alcanzar un incremento acumulado del 117% en lo que va de 2023<strong>(VW)<\/strong><\/p>\n","protected":false},"excerpt":{"rendered":"<p>Luego del aumento dl 22% aceptado por los gremios docentes, los estatales bonaerenses cerraron una mejora salarial del 25% que se cobrar\u00e1 con los haberos de noviembre. En diciembre retomar\u00e1n las negociaciones.\u00a0<\/p>\n","protected":false},"author":3,"featured_media":6977,"comment_status":"closed","ping_status":"closed","sticky":false,"template":"","format":"standard","meta":{"_monsterinsights_skip_tracking":false,"_monsterinsights_sitenote_active":false,"_monsterinsights_sitenote_note":"","_monsterinsights_sitenote_category":0,"footnotes":""},"categories":[4],"tags":[58,5240,3785,1907],"class_list":["post-12587","post","type-post","status-publish","format-standard","has-post-thumbnail","hentry","category-politica","tag-aumento","tag-cuerdo-salarial","tag-diciembre","tag-estatales"],"_links":{"self":[{"href":"https:\/\/www.visionweb.com.ar\/index.php?rest_route=\/wp\/v2\/posts\/12587","targetHints":{"allow":["GET"]}}],"collection":[{"href":"https:\/\/www.visionweb.com.ar\/index.php?rest_route=\/wp\/v2\/posts"}],"about":[{"href":"https:\/\/www.visionweb.com.ar\/index.php?rest_route=\/wp\/v2\/types\/post"}],"author":[{"embeddable":true,"href":"https:\/\/www.visionweb.com.ar\/index.php?rest_route=\/wp\/v2\/users\/3"}],"replies":[{"embeddable":true,"href":"https:\/\/www.visionweb.com.ar\/index.php?rest_route=%2Fwp%2Fv2%2Fcomments&post=12587"}],"version-history":[{"count":1,"href":"https:\/\/www.visionweb.com.ar\/index.php?rest_route=\/wp\/v2\/posts\/12587\/revisions"}],"predecessor-version":[{"id":12588,"href":"https:\/\/www.visionweb.com.ar\/index.php?rest_route=\/wp\/v2\/posts\/12587\/revisions\/12588"}],"wp:featuredmedia":[{"embeddable":true,"href":"https:\/\/www.visionweb.com.ar\/index.php?rest_route=\/wp\/v2\/media\/6977"}],"wp:attachment":[{"href":"https:\/\/www.visionweb.com.ar\/index.php?rest_route=%2Fwp%2Fv2%2Fmedia&parent=12587"}],"wp:term":[{"taxonomy":"category","embeddable":true,"href":"https:\/\/www.visionweb.com.ar\/index.php?rest_route=%2Fwp%2Fv2%2Fcategories&post=12587"},{"taxonomy":"post_tag","embeddable":true,"href":"https:\/\/www.visionweb.com.ar\/index.php?rest_route=%2Fwp%2Fv2%2Ftags&post=12587"}],"curies":[{"name":"wp","href":"https:\/\/api.w.org\/{rel}","templated":true}]}}