{"id":12584,"date":"2023-11-16T17:11:38","date_gmt":"2023-11-16T20:11:38","guid":{"rendered":"https:\/\/www.visionweb.com.ar\/?p=12584"},"modified":"2023-11-16T17:11:38","modified_gmt":"2023-11-16T20:11:38","slug":"balotaje-las-ventas-de-paquetes-turisticos-cayeron-un-50","status":"publish","type":"post","link":"https:\/\/www.visionweb.com.ar\/?p=12584","title":{"rendered":"Balotaje:  Las ventas de paquetes tur\u00edsticos cayeron un 50%"},"content":{"rendered":"<p><em><strong>Este pr\u00f3ximo fin de semana largo ser\u00e1 m\u00e1s para el disfrute de los turistas brasile\u00f1os y los jubilados que a partir de los 760 a\u00f1os no tienen la obligaci\u00f3n de votar.<\/strong><\/em>\u00a0 <!--more--><\/p>\n<p><strong><img loading=\"lazy\" decoding=\"async\" class=\"size-medium wp-image-9642 alignright\" src=\"https:\/\/www.visionweb.com.ar\/wp-content\/uploads\/2023\/02\/san-juan-turismo-300x186.jpg\" alt=\"\" width=\"300\" height=\"186\" srcset=\"https:\/\/www.visionweb.com.ar\/wp-content\/uploads\/2023\/02\/san-juan-turismo-300x186.jpg 300w, https:\/\/www.visionweb.com.ar\/wp-content\/uploads\/2023\/02\/san-juan-turismo.bmp 450w\" sizes=\"auto, (max-width: 300px) 100vw, 300px\" \/>E<\/strong>l feriado del pr\u00f3ximo fin de semana largo, que coincidi\u00f3 con el balotaje presidencial <strong>impacto en la\u00a0 din\u00e1mica\u00a0 del sector <\/strong>tur\u00edstico, porque las vetas programadas para esa fecha se retrajeron un 50%.<\/p>\n<p>En cambio, la demanda de reservas se encuentra dominada por los turistas extranjeros, pese a que las ventas cayeron a la mitad, comparado con los \u00faltimos fin de semana largo.<\/p>\n<p>De este modo, la ocupaci\u00f3n hotelera de los principales destinos ronda entre el 40% y el 45%, seg\u00fan informaron diferentes operadores tur\u00edsticos y atribuyeron esa ca\u00edda al acto electoral del pr\u00f3ximo domingo.<\/p>\n<p>Las dos estrellas de este fin de semana ser\u00e1n los\u00a0<strong>turistas provenientes de Brasil\u00a0<\/strong>que compraron paquetes y hospedajes de cuatro estrellas en adelante y\u00a0<strong>los mayores de 70 a\u00f1os que no tienen la obligaci\u00f3n de votar<\/strong>, en destinos como las Termas de R\u00edo Hondo.<\/p>\n<p>El temor a que el Gobierno\u00a0<strong>corriera el feriado de este lunes 20 para m\u00e1s adelante, sumado a que en la Argentina el voto es obligatorio\u00a0<\/strong>y mucha gente no se quiere perder la definici\u00f3n del balotaje, frenaron casi por completo las ventas tur\u00edsticas para este fin de semana largo. Pero\u00a0 desde la industria del turismo aclaran que\u00a0<strong>no hubo cancelaciones por las elecciones<\/strong>.<\/p>\n<p>Respecto de la venta del Cyber Monday se\u00f1alan que\u00a0<strong>es un 42% por encima del promedio de los \u00faltimos tres meses, pero apuntan al verano 2024<\/strong>, aunque tambi\u00e9n por el calendario electoral aparecieron compras para marzo y abril<strong>(VW)<\/strong>.<\/p>\n","protected":false},"excerpt":{"rendered":"<p>Este pr\u00f3ximo fin de semana largo ser\u00e1 m\u00e1s para el disfrute de los turistas brasile\u00f1os y los jubilados que a partir de los 760 a\u00f1os no tienen la obligaci\u00f3n de votar.\u00a0<\/p>\n","protected":false},"author":3,"featured_media":9642,"comment_status":"closed","ping_status":"closed","sticky":false,"template":"","format":"standard","meta":{"_monsterinsights_skip_tracking":false,"_monsterinsights_sitenote_active":false,"_monsterinsights_sitenote_note":"","_monsterinsights_sitenote_category":0,"footnotes":""},"categories":[8],"tags":[5107,943,37,49],"class_list":["post-12584","post","type-post","status-publish","format-standard","has-post-thumbnail","hentry","category-interes-general","tag-balotaje","tag-hoteleria","tag-merma","tag-turismo"],"_links":{"self":[{"href":"https:\/\/www.visionweb.com.ar\/index.php?rest_route=\/wp\/v2\/posts\/12584","targetHints":{"allow":["GET"]}}],"collection":[{"href":"https:\/\/www.visionweb.com.ar\/index.php?rest_route=\/wp\/v2\/posts"}],"about":[{"href":"https:\/\/www.visionweb.com.ar\/index.php?rest_route=\/wp\/v2\/types\/post"}],"author":[{"embeddable":true,"href":"https:\/\/www.visionweb.com.ar\/index.php?rest_route=\/wp\/v2\/users\/3"}],"replies":[{"embeddable":true,"href":"https:\/\/www.visionweb.com.ar\/index.php?rest_route=%2Fwp%2Fv2%2Fcomments&post=12584"}],"version-history":[{"count":2,"href":"https:\/\/www.visionweb.com.ar\/index.php?rest_route=\/wp\/v2\/posts\/12584\/revisions"}],"predecessor-version":[{"id":12586,"href":"https:\/\/www.visionweb.com.ar\/index.php?rest_route=\/wp\/v2\/posts\/12584\/revisions\/12586"}],"wp:featuredmedia":[{"embeddable":true,"href":"https:\/\/www.visionweb.com.ar\/index.php?rest_route=\/wp\/v2\/media\/9642"}],"wp:attachment":[{"href":"https:\/\/www.visionweb.com.ar\/index.php?rest_route=%2Fwp%2Fv2%2Fmedia&parent=12584"}],"wp:term":[{"taxonomy":"category","embeddable":true,"href":"https:\/\/www.visionweb.com.ar\/index.php?rest_route=%2Fwp%2Fv2%2Fcategories&post=12584"},{"taxonomy":"post_tag","embeddable":true,"href":"https:\/\/www.visionweb.com.ar\/index.php?rest_route=%2Fwp%2Fv2%2Ftags&post=12584"}],"curies":[{"name":"wp","href":"https:\/\/api.w.org\/{rel}","templated":true}]}}