{"id":12578,"date":"2023-11-16T10:11:31","date_gmt":"2023-11-16T13:11:31","guid":{"rendered":"https:\/\/www.visionweb.com.ar\/?p=12578"},"modified":"2023-11-16T10:11:31","modified_gmt":"2023-11-16T13:11:31","slug":"provincia-grindetti-y-ritondo-impulsaran-una-agenda-legislativa-conjunta","status":"publish","type":"post","link":"https:\/\/www.visionweb.com.ar\/?p=12578","title":{"rendered":"Provincia: Grindetti y Ritondo impulsar\u00e1n una agenda legislativa conjunta"},"content":{"rendered":"<p><em><strong>El intendente de Lan\u00fas se reuni\u00f3 con legisladores y diputados del bloque PRO en proyecci\u00f3n a la agenda legislativa 2024.<\/strong><\/em><!--more--><\/p>\n<p><img loading=\"lazy\" decoding=\"async\" class=\"size-medium wp-image-12579 alignright\" src=\"https:\/\/www.visionweb.com.ar\/wp-content\/uploads\/2023\/11\/grindetti-ritondo-300x174.png\" alt=\"\" width=\"300\" height=\"174\" srcset=\"https:\/\/www.visionweb.com.ar\/wp-content\/uploads\/2023\/11\/grindetti-ritondo-300x174.png 300w, https:\/\/www.visionweb.com.ar\/wp-content\/uploads\/2023\/11\/grindetti-ritondo.png 541w\" sizes=\"auto, (max-width: 300px) 100vw, 300px\" \/>\u00a0\u00a0 <strong>E<\/strong>l intendente de Lan\u00fas, <strong>N\u00e9stor Grindetti<\/strong> recibi\u00f3 al diputado nacional, <strong>Cristian Ritondo<\/strong> en el centro de Estudios municipales de Lan\u00fas para analizar, junto a diputados y senadores provinciales, la actualidad pol\u00edtica, social y econ\u00f3mica de la provincia de Buenos Aires, y trabajar en una <strong>agenda conjunta de cara al pr\u00f3ximo a\u00f1o legislativo<\/strong>.<\/p>\n<p>Durante el encuentro de ayer, los dirigentes coincidieron en <strong>impulsar el tratamiento de las principales propuestas electorales que presentaron durante la campa\u00f1a en materia de seguridad, reformas impositivas, electorales y del Estado.<\/strong><\/p>\n<p>Cabe destacar que durante el proceso electoral pasado,\u00a0<strong>Grindetti present\u00f3 una plataforma de 10 puntos con una seria de iniciativas parlamentarias, desde la unicameralidad de la legislatura bonaerense, el desdoblamiento electoral, ficha limpia y boleta \u00fanica, hasta la reducci\u00f3n de ministerios y de cargos pol\u00edticos, entre otros proyectos.\u00a0<\/strong><\/p>\n<p>\u201cJuntos intercambiamos ideas sobre las distintas iniciativas parlamentarias en las que est\u00e1 trabajando el bloque PRO.\u00a0<strong>Tenemos propuestas concretas en materia de seguridad, reformas impositivas, electorales y del Estado que hemos presentado a lo largo de toda la campa\u00f1a electoral<\/strong>\u201d sentenci\u00f3 el intendente de Lan\u00fas.<\/p>\n<p>Por \u00faltimo, Grindetti dijo: \u201c<strong>Vamos a impulsarlas con nuestros legisladores en ambas c\u00e1maras, porque creemos que son necesarias para cambiar la realidad de los vecinos de toda la provincia\u201d<\/strong><\/p>\n<p>Tambi\u00e9n estuvieron presentes en la reuni\u00f3n, el vicepresidente de la c\u00e1mara de diputados bonaerense, Adrian Urreli y los legisladores electos y con mandato vigente, Matias Rancini, Rita Salaverry, Sofia Pomponio, Florencia Retamoso, Jorge Schiavone y Alex Campbell. <strong>(VW)<\/strong><\/p>\n","protected":false},"excerpt":{"rendered":"<p>El intendente de Lan\u00fas se reuni\u00f3 con legisladores y diputados del bloque PRO en proyecci\u00f3n a la agenda legislativa 2024.<\/p>\n","protected":false},"author":4,"featured_media":12579,"comment_status":"closed","ping_status":"closed","sticky":false,"template":"","format":"standard","meta":{"_monsterinsights_skip_tracking":false,"_monsterinsights_sitenote_active":false,"_monsterinsights_sitenote_note":"","_monsterinsights_sitenote_category":0,"footnotes":""},"categories":[4],"tags":[5237,18,5236,3103],"class_list":["post-12578","post","type-post","status-publish","format-standard","has-post-thumbnail","hentry","category-politica","tag-agenda-legislativa-2024","tag-grindetti","tag-reunion-pro","tag-ritondo"],"_links":{"self":[{"href":"https:\/\/www.visionweb.com.ar\/index.php?rest_route=\/wp\/v2\/posts\/12578","targetHints":{"allow":["GET"]}}],"collection":[{"href":"https:\/\/www.visionweb.com.ar\/index.php?rest_route=\/wp\/v2\/posts"}],"about":[{"href":"https:\/\/www.visionweb.com.ar\/index.php?rest_route=\/wp\/v2\/types\/post"}],"author":[{"embeddable":true,"href":"https:\/\/www.visionweb.com.ar\/index.php?rest_route=\/wp\/v2\/users\/4"}],"replies":[{"embeddable":true,"href":"https:\/\/www.visionweb.com.ar\/index.php?rest_route=%2Fwp%2Fv2%2Fcomments&post=12578"}],"version-history":[{"count":1,"href":"https:\/\/www.visionweb.com.ar\/index.php?rest_route=\/wp\/v2\/posts\/12578\/revisions"}],"predecessor-version":[{"id":12580,"href":"https:\/\/www.visionweb.com.ar\/index.php?rest_route=\/wp\/v2\/posts\/12578\/revisions\/12580"}],"wp:featuredmedia":[{"embeddable":true,"href":"https:\/\/www.visionweb.com.ar\/index.php?rest_route=\/wp\/v2\/media\/12579"}],"wp:attachment":[{"href":"https:\/\/www.visionweb.com.ar\/index.php?rest_route=%2Fwp%2Fv2%2Fmedia&parent=12578"}],"wp:term":[{"taxonomy":"category","embeddable":true,"href":"https:\/\/www.visionweb.com.ar\/index.php?rest_route=%2Fwp%2Fv2%2Fcategories&post=12578"},{"taxonomy":"post_tag","embeddable":true,"href":"https:\/\/www.visionweb.com.ar\/index.php?rest_route=%2Fwp%2Fv2%2Ftags&post=12578"}],"curies":[{"name":"wp","href":"https:\/\/api.w.org\/{rel}","templated":true}]}}