{"id":12570,"date":"2023-11-15T19:45:28","date_gmt":"2023-11-15T22:45:28","guid":{"rendered":"https:\/\/www.visionweb.com.ar\/?p=12570"},"modified":"2023-11-15T19:45:28","modified_gmt":"2023-11-15T22:45:28","slug":"la-provincia-adhiere-a-la-eliminacion-del-subsidio-para-el-transporte-publico","status":"publish","type":"post","link":"https:\/\/www.visionweb.com.ar\/?p=12570","title":{"rendered":"La Provincia adhiere a la eliminaci\u00f3n del subsidio para el transporte p\u00fablico"},"content":{"rendered":"<p><strong><em>As\u00ed lo dispuso el ministro de Transporte bonaerense, Jorge D&#8217;Onofrio. Ahora ser\u00e1 el usuario quien decida si adhiere o no al sistema.<\/em><\/strong>\u00a0<!--more--><\/p>\n<p><strong><img loading=\"lazy\" decoding=\"async\" class=\"size-full wp-image-1480 alignright\" src=\"https:\/\/www.visionweb.com.ar\/wp-content\/uploads\/2021\/04\/paro-uta-transportes.bmp\" alt=\"\" width=\"380\" height=\"276\" \/>E<\/strong>l ministro de Transporte de la provincia de Buenos Aires, Jorge D\u00b4Onofrio, anunci\u00f3 que cada usuaria y usuario del transporte p\u00fablico bonaerense podr\u00e1 adherirse a la renuncia del subsidio.<\/p>\n<p>De esa manera, se podr\u00e1 optar por afrontar la tarifa plena del boleto en cualquier distrito y no contar con el aporte estatal.<\/p>\n<p>\u201cHasta ahora renunciaron 1600 personas al subsidio, de las cuales solas 500 realizaron alguna operaci\u00f3n, y de esos dos tercios viajaron en l\u00edneas provinciales. Ahora, con la resoluci\u00f3n, cuando vayan a viajar van a pagar la tarifa plena\u201d, explic\u00f3.<\/p>\n<p>Cabe se\u00f1alar que, hasta el momento, 1600 personas renunciaron al subsidio para el transporte de jurisdicci\u00f3n nacional, solamente 500 de ellas registraron uso de la tarjeta SUBE. De ese universo de usuarios, solo un tercio de viajes representa a colectivos o trenes nacionales, consign\u00f3 la cartera provincial en su p\u00e1gina oficial.<\/p>\n<p>El resto, m\u00e1s de 1500 viajes, se realizaron con pleno subsidio en l\u00edneas de la jurisdicci\u00f3n provincial. Ahora, la adhesi\u00f3n en la Provincia ser\u00e1 efectiva y podr\u00e1n pagar la tarifa plena.<\/p>\n<p>De esa manera, D\u00b4Onofrio subray\u00f3: \u201cLa mayor\u00eda de los que se han adherido no usan el transporte p\u00fablico de pasajeros\u201d.<\/p>\n<p>\u201cEn contrapartida en la Provincia seguimos ampliando derechos con el Boleto Estudiantil para nuevos beneficiarios en la modalidad en las escuelas primarias de adultos, Centros de Alfabetizaci\u00f3n, Centros de Educaci\u00f3n de Adultos, CEBAS, CENS, Fines\u201d, agreg\u00f3 el funcionario..<\/p>\n<p>En ese sentido, el titular de la cartera de Transporte puntualiz\u00f3: \u201cEl 91 por ciento del sistema corresponde a subsidio, ah\u00ed te da a las claras cuando da el pasaje. A eso hay que sumarle las \u00faltimas actualizaciones, el valor del combustible. Los 700 pesos por pasaje sin subsidio nos quedan un poco chico\u201d.<\/p>\n<p>A su vez, advirti\u00f3 la bater\u00eda de propuestas electorales del binomio Javier Milei \u2013 Victoria Villarruel: \u201cOfende escuchar a Milei y Villarruel. Las ofertas de ese espacio (La Libertad Avanza) no entra en nuestra constituci\u00f3n, no entran en nuestro sistema democr\u00e1tico, la \u00fanica forma de llevarlas adelante es con represi\u00f3n. Esa no es la salida, la salida es con di\u00e1logo, con m\u00e1s democracia\u201d.<\/p>\n<p>Por \u00faltimo, D\u00b4Onofrio advirti\u00f3 que \u201clos argentinos vamos a tener buenas noticias como para ir a dormir tranquilos y sin incertidumbre. El fraude que quieren instalar es la falta de militancia y compromiso del mismo espacio\u201d<strong>(VW)<\/strong>.<\/p>\n<p>&nbsp;<\/p>\n","protected":false},"excerpt":{"rendered":"<p>As\u00ed lo dispuso el ministro de Transporte bonaerense, Jorge D&#8217;Onofrio. Ahora ser\u00e1 el usuario quien decida si adhiere o no al sistema.\u00a0<\/p>\n","protected":false},"author":3,"featured_media":1480,"comment_status":"closed","ping_status":"closed","sticky":false,"template":"","format":"standard","meta":{"_monsterinsights_skip_tracking":false,"_monsterinsights_sitenote_active":false,"_monsterinsights_sitenote_note":"","_monsterinsights_sitenote_category":0,"footnotes":""},"categories":[8],"tags":[1724,847,1066,1950],"class_list":["post-12570","post","type-post","status-publish","format-standard","has-post-thumbnail","hentry","category-interes-general","tag-renuncia","tag-subsidio","tag-transporte","tag-usuarios"],"_links":{"self":[{"href":"https:\/\/www.visionweb.com.ar\/index.php?rest_route=\/wp\/v2\/posts\/12570","targetHints":{"allow":["GET"]}}],"collection":[{"href":"https:\/\/www.visionweb.com.ar\/index.php?rest_route=\/wp\/v2\/posts"}],"about":[{"href":"https:\/\/www.visionweb.com.ar\/index.php?rest_route=\/wp\/v2\/types\/post"}],"author":[{"embeddable":true,"href":"https:\/\/www.visionweb.com.ar\/index.php?rest_route=\/wp\/v2\/users\/3"}],"replies":[{"embeddable":true,"href":"https:\/\/www.visionweb.com.ar\/index.php?rest_route=%2Fwp%2Fv2%2Fcomments&post=12570"}],"version-history":[{"count":1,"href":"https:\/\/www.visionweb.com.ar\/index.php?rest_route=\/wp\/v2\/posts\/12570\/revisions"}],"predecessor-version":[{"id":12571,"href":"https:\/\/www.visionweb.com.ar\/index.php?rest_route=\/wp\/v2\/posts\/12570\/revisions\/12571"}],"wp:featuredmedia":[{"embeddable":true,"href":"https:\/\/www.visionweb.com.ar\/index.php?rest_route=\/wp\/v2\/media\/1480"}],"wp:attachment":[{"href":"https:\/\/www.visionweb.com.ar\/index.php?rest_route=%2Fwp%2Fv2%2Fmedia&parent=12570"}],"wp:term":[{"taxonomy":"category","embeddable":true,"href":"https:\/\/www.visionweb.com.ar\/index.php?rest_route=%2Fwp%2Fv2%2Fcategories&post=12570"},{"taxonomy":"post_tag","embeddable":true,"href":"https:\/\/www.visionweb.com.ar\/index.php?rest_route=%2Fwp%2Fv2%2Ftags&post=12570"}],"curies":[{"name":"wp","href":"https:\/\/api.w.org\/{rel}","templated":true}]}}