{"id":12563,"date":"2023-11-15T12:01:58","date_gmt":"2023-11-15T15:01:58","guid":{"rendered":"https:\/\/www.visionweb.com.ar\/?p=12563"},"modified":"2023-11-15T12:06:14","modified_gmt":"2023-11-15T15:06:14","slug":"avellaneda-inicio-la-inscripcion-para-la-cada-propia","status":"publish","type":"post","link":"https:\/\/www.visionweb.com.ar\/?p=12563","title":{"rendered":"Avellaneda inici\u00f3 la inscripci\u00f3n para la casa propia"},"content":{"rendered":"<div class=\"vw-post-content clearfix\">\n<p><em><strong>Los interesados s\u00f3lo tienen quince d\u00edas para anotarse. El per\u00edodo de inscripci\u00f3n se cierra a fines de este mes.<\/strong><\/em><\/p>\n<\/div>\n<p><!--more--><\/p>\n<p><img loading=\"lazy\" decoding=\"async\" class=\"size-medium wp-image-1465 alignright\" src=\"https:\/\/www.visionweb.com.ar\/wp-content\/uploads\/2021\/04\/VIVIENDAS-ANUNCIOS-300x285.png\" alt=\"\" width=\"300\" height=\"285\" srcset=\"https:\/\/www.visionweb.com.ar\/wp-content\/uploads\/2021\/04\/VIVIENDAS-ANUNCIOS-300x285.png 300w, https:\/\/www.visionweb.com.ar\/wp-content\/uploads\/2021\/04\/VIVIENDAS-ANUNCIOS.png 501w\" sizes=\"auto, (max-width: 300px) 100vw, 300px\" \/> <strong>E<\/strong>l\u00a0Municipio de Avellaneda\u00a0inform\u00f3 que a partir de hoy -a las 10:00- y hasta el 30 de noviembre se podr\u00e1n inscribir aquellas personas que persiguen el\u00a0sue\u00f1o de la casa propia. Es para 25\u00a0viviendas que se construyen en cinco predios del distrito.<\/p>\n<p>\u201cComienza la inscripci\u00f3n para las 25 viviendas\u201d, anuncian las autoridades a trav\u00e9s de las redes sociales. \u00bfC\u00f3mo hacerlo? Deben ingresar a la p\u00e1gina\u00a0https:\/\/viviendas.mda.gob.ar. Se trata de proyectos desarrollados en el marco de Procrear y Casa Propia.<\/p>\n<p>Se pueden anotar desde hoy, 15 de noviembre , y hasta el 30 de corriente mes.<\/p>\n<p>\u00bfDe qu\u00e9 se trata? De las viviendas de los predios Catamarca y Entre R\u00edos, Cangallo (Cangallo, San Lorenzo y Suipacha), Saladita V (Sarand\u00ed y Larroque) y Arga\u00f1araz II (Arga\u00f1araz y 12 de Octubre).<\/p>\n<p>\u00bfC\u00d3MO SON LAS VIVIENDAS?<br \/>\nEn el predio ubicado en las calles Catamarca y Entre R\u00edos se trata de 3 viviendas de 3 ambientes que incluyen: 2 dormitorios, un estar-comedor con cocina integrada, ba\u00f1o y expansi\u00f3n y otras<br \/>\n5 viviendas de 2 ambientes que incluyen: un dormitorio, un estar-comedor con cocina integrada, ba\u00f1o y expansi\u00f3n.<br \/>\nEn Cangallo son 41 viviendas tipo d\u00faplex de 3 ambientes que incluyen: 2 dormitorios, un estar-comedor con cocina integrada, ba\u00f1o, toilette, patio y espacio guardacoche. Adem\u00e1s, hay 3 viviendas tipo d\u00faplex de 4 ambientes que incluyen: 3 dormitorios, un estar-comedor con cocina integrada, ba\u00f1o, toilette, patio y espacio guardacoche.<br \/>\nEn Saladita V son 8 viviendas desarrolladas en planta baja, de 3 ambientes que incluyen: 2 dormitorios, un estar-comedor, cocina, ba\u00f1o y patio.<br \/>\nEn Arga\u00f1araz II se trata de 40 viviendas tipo d\u00faplex, de 3 ambientes que incluyen: 2 dormitorios, un estar-comedor, cocina, ba\u00f1o, toilette y patio.<\/p>\n<p>AvellanedaCasa propiaProcrearSorteoViviendas<\/p>\n<footer class=\"vw-post-footer clearfix\">\n<div class=\"vw-tags\">F UENTE: INFOREGION<\/div>\n<\/footer>\n","protected":false},"excerpt":{"rendered":"<p>Los interesados s\u00f3lo tienen quince d\u00edas para anotarse. El per\u00edodo de inscripci\u00f3n se cierra a fines de este mes.<\/p>\n","protected":false},"author":3,"featured_media":1465,"comment_status":"closed","ping_status":"closed","sticky":false,"template":"","format":"standard","meta":{"_monsterinsights_skip_tracking":false,"_monsterinsights_sitenote_active":false,"_monsterinsights_sitenote_note":"","_monsterinsights_sitenote_category":0,"footnotes":""},"categories":[3],"tags":[],"class_list":["post-12563","post","type-post","status-publish","format-standard","has-post-thumbnail","hentry","category-actualidad"],"_links":{"self":[{"href":"https:\/\/www.visionweb.com.ar\/index.php?rest_route=\/wp\/v2\/posts\/12563","targetHints":{"allow":["GET"]}}],"collection":[{"href":"https:\/\/www.visionweb.com.ar\/index.php?rest_route=\/wp\/v2\/posts"}],"about":[{"href":"https:\/\/www.visionweb.com.ar\/index.php?rest_route=\/wp\/v2\/types\/post"}],"author":[{"embeddable":true,"href":"https:\/\/www.visionweb.com.ar\/index.php?rest_route=\/wp\/v2\/users\/3"}],"replies":[{"embeddable":true,"href":"https:\/\/www.visionweb.com.ar\/index.php?rest_route=%2Fwp%2Fv2%2Fcomments&post=12563"}],"version-history":[{"count":3,"href":"https:\/\/www.visionweb.com.ar\/index.php?rest_route=\/wp\/v2\/posts\/12563\/revisions"}],"predecessor-version":[{"id":12569,"href":"https:\/\/www.visionweb.com.ar\/index.php?rest_route=\/wp\/v2\/posts\/12563\/revisions\/12569"}],"wp:featuredmedia":[{"embeddable":true,"href":"https:\/\/www.visionweb.com.ar\/index.php?rest_route=\/wp\/v2\/media\/1465"}],"wp:attachment":[{"href":"https:\/\/www.visionweb.com.ar\/index.php?rest_route=%2Fwp%2Fv2%2Fmedia&parent=12563"}],"wp:term":[{"taxonomy":"category","embeddable":true,"href":"https:\/\/www.visionweb.com.ar\/index.php?rest_route=%2Fwp%2Fv2%2Fcategories&post=12563"},{"taxonomy":"post_tag","embeddable":true,"href":"https:\/\/www.visionweb.com.ar\/index.php?rest_route=%2Fwp%2Fv2%2Ftags&post=12563"}],"curies":[{"name":"wp","href":"https:\/\/api.w.org\/{rel}","templated":true}]}}