{"id":12559,"date":"2023-11-15T10:20:09","date_gmt":"2023-11-15T13:20:09","guid":{"rendered":"https:\/\/www.visionweb.com.ar\/?p=12559"},"modified":"2023-11-15T10:20:09","modified_gmt":"2023-11-15T13:20:09","slug":"provincia-sergio-berni-dijo-que-dejara-su-cargo-como-ministro-de-seguridad","status":"publish","type":"post","link":"https:\/\/www.visionweb.com.ar\/?p=12559","title":{"rendered":"Provincia: Sergio Berni dijo que dejar\u00e1 su cargo como Ministro de Seguridad"},"content":{"rendered":"<p><em><strong>El Ministro de Seguridad bonaerense, confirm\u00f3 que asumir\u00e1 como senador el 10 de diciembre. Dijo que legislar\u00e1 para mejorar el Poder Judicial. A\u00fan no se sabe qui\u00e9n lo suceder\u00e1.<\/strong><\/em><strong>\u00a0<\/strong><!--more--><\/p>\n<p><strong><img loading=\"lazy\" decoding=\"async\" class=\"size-full wp-image-1092 alignright\" src=\"https:\/\/www.visionweb.com.ar\/wp-content\/uploads\/2021\/03\/berni-decreto.bmp\" alt=\"\" width=\"525\" height=\"296\" \/>\u00a0 E<\/strong>l ministro de Seguridad de la provincia de Buenos Aires, <strong>Sergio Berni<\/strong>, anunci\u00f3 que el 10 de diciembre <strong>asumir\u00e1 la banca por la que result\u00f3 electo en la C\u00e1mara de Senadores bonaerense<\/strong>, por lo que no continuar\u00e1 en el ministerio de Seguridad provincial.<\/p>\n<p>A menos de un mes de asumir su banca, confirm\u00f3 que no continuar\u00e1 en el cargo para el per\u00edodo que va de 2023 a 2027: \u201c<strong>A partir del 10 de diciembre voy a ser senador de la provincia de Buenos Aires<\/strong>\u201d, afirm\u00f3 el funcionario durante una entrevista al medio A24, y dijo que durante su mandato buscar\u00e1 \u201c<strong>darle las herramientas al Poder Judicial para que no pueda hacerse el distra\u00eddo en esos grises que hay a la hora de interpretar las leyes y generar un sistema de resultados del poder judicial<\/strong>\u201d.<\/p>\n<p>A la vez, el gobernador bonaerense, Axel Kicillof, expres\u00f3 este mi\u00e9rcoles, que hasta que termine el mandato de todos los funcionarios que fueron elegidos en cargos legislativos no va a anunciar ning\u00fan cambio en el gabinete, por lo que a\u00fan no hay datos sobre qui\u00e9n podr\u00eda sucederlo.<\/p>\n<p>El pedido del mandatario provincial es que la agenda bonaerense no tape la campa\u00f1a para el triunfo de Sergio Massa en el balotaje.<\/p>\n<p>Entre los miembros del gabinete bonaerense que fueron candidatos en las elecciones generales se encuentran el ministro de Infraestructura,\u00a0Leonardo Nardini; el ministro de Justicia y Derechos Humanos,\u00a0Julio Alak; el ministro de Trabajo,\u00a0Walter Correa; el mencionado\u00a0Sergio Berni; y la presidenta del Instituto Cultural,\u00a0Florencia Saintout. A excepci\u00f3n de Correa, quien a\u00fan no confirm\u00f3 si asumir\u00e1 como concejal en Moreno, el resto de los funcionarios ocupar\u00eda el rol para el que fueron electos.<\/p>\n<p>Cabe mencionar, que Berni encabez\u00f3 este a\u00f1o la lista de candidatos a senadores de la Segunda Secci\u00f3n Electoral, regi\u00f3n que representa a quince distritos del noreste bonaerense. <strong>(VW)<\/strong><\/p>\n","protected":false},"excerpt":{"rendered":"<p>El Ministro de Seguridad bonaerense, confirm\u00f3 que asumir\u00e1 como senador el 10 de diciembre. Dijo que legislar\u00e1 para mejorar el Poder Judicial. A\u00fan no se sabe qui\u00e9n lo suceder\u00e1.\u00a0<\/p>\n","protected":false},"author":4,"featured_media":1092,"comment_status":"closed","ping_status":"closed","sticky":false,"template":"","format":"standard","meta":{"_monsterinsights_skip_tracking":false,"_monsterinsights_sitenote_active":false,"_monsterinsights_sitenote_note":"","_monsterinsights_sitenote_category":0,"footnotes":""},"categories":[4],"tags":[356,4587,3013],"class_list":["post-12559","post","type-post","status-publish","format-standard","has-post-thumbnail","hentry","category-politica","tag-provincia","tag-senador-provincial","tag-sergio-berni"],"_links":{"self":[{"href":"https:\/\/www.visionweb.com.ar\/index.php?rest_route=\/wp\/v2\/posts\/12559","targetHints":{"allow":["GET"]}}],"collection":[{"href":"https:\/\/www.visionweb.com.ar\/index.php?rest_route=\/wp\/v2\/posts"}],"about":[{"href":"https:\/\/www.visionweb.com.ar\/index.php?rest_route=\/wp\/v2\/types\/post"}],"author":[{"embeddable":true,"href":"https:\/\/www.visionweb.com.ar\/index.php?rest_route=\/wp\/v2\/users\/4"}],"replies":[{"embeddable":true,"href":"https:\/\/www.visionweb.com.ar\/index.php?rest_route=%2Fwp%2Fv2%2Fcomments&post=12559"}],"version-history":[{"count":1,"href":"https:\/\/www.visionweb.com.ar\/index.php?rest_route=\/wp\/v2\/posts\/12559\/revisions"}],"predecessor-version":[{"id":12560,"href":"https:\/\/www.visionweb.com.ar\/index.php?rest_route=\/wp\/v2\/posts\/12559\/revisions\/12560"}],"wp:featuredmedia":[{"embeddable":true,"href":"https:\/\/www.visionweb.com.ar\/index.php?rest_route=\/wp\/v2\/media\/1092"}],"wp:attachment":[{"href":"https:\/\/www.visionweb.com.ar\/index.php?rest_route=%2Fwp%2Fv2%2Fmedia&parent=12559"}],"wp:term":[{"taxonomy":"category","embeddable":true,"href":"https:\/\/www.visionweb.com.ar\/index.php?rest_route=%2Fwp%2Fv2%2Fcategories&post=12559"},{"taxonomy":"post_tag","embeddable":true,"href":"https:\/\/www.visionweb.com.ar\/index.php?rest_route=%2Fwp%2Fv2%2Ftags&post=12559"}],"curies":[{"name":"wp","href":"https:\/\/api.w.org\/{rel}","templated":true}]}}