{"id":12540,"date":"2023-11-14T15:28:16","date_gmt":"2023-11-14T18:28:16","guid":{"rendered":"https:\/\/www.visionweb.com.ar\/?p=12540"},"modified":"2023-11-14T15:32:59","modified_gmt":"2023-11-14T18:32:59","slug":"almirante-brown-se-puso-en-macha-el-certificado-unico-digital-de-discapacidad","status":"publish","type":"post","link":"https:\/\/www.visionweb.com.ar\/?p=12540","title":{"rendered":"Almirante Brown: Se puso en macha el Certificado \u00danico Digital de Discapacidad"},"content":{"rendered":"<p><em><strong>Las personas que poseen este documento, tienen la posibilidad de acceder en formas m\u00e1s agil a los derechos y las prestaciones disponibles desde el Estado.<\/strong><\/em>\u00a0 <!--more--><\/p>\n<p><strong><img loading=\"lazy\" decoding=\"async\" class=\"size-medium wp-image-12541 alignright\" src=\"https:\/\/www.visionweb.com.ar\/wp-content\/uploads\/2023\/11\/DIGITALIZACION-DISCAPACIDAD-300x138.png\" alt=\"\" width=\"300\" height=\"138\" srcset=\"https:\/\/www.visionweb.com.ar\/wp-content\/uploads\/2023\/11\/DIGITALIZACION-DISCAPACIDAD-300x138.png 300w, https:\/\/www.visionweb.com.ar\/wp-content\/uploads\/2023\/11\/DIGITALIZACION-DISCAPACIDAD-1024x469.png 1024w, https:\/\/www.visionweb.com.ar\/wp-content\/uploads\/2023\/11\/DIGITALIZACION-DISCAPACIDAD-768x352.png 768w, https:\/\/www.visionweb.com.ar\/wp-content\/uploads\/2023\/11\/DIGITALIZACION-DISCAPACIDAD-980x450.png 980w, https:\/\/www.visionweb.com.ar\/wp-content\/uploads\/2023\/11\/DIGITALIZACION-DISCAPACIDAD.png 1200w\" sizes=\"auto, (max-width: 300px) 100vw, 300px\" \/>T<\/strong>ras la firma e un acuerdo entre el municipio de Almirante Brown y el Registro Nacional de Discapacidad, el municipio del Gran Buenos Aires sur, se convirti\u00f3 en uno de los primeros distritos del pa\u00eds en implementar el Certificado \u00danico Digital de Discapacidad (CUD) y actualmente asesora a los vecinos y vecinas para gestionarlo.<\/p>\n<p style=\"font-weight: 400;\"><span style=\"font-style: inherit; font-weight: inherit;\">Esta importante herramienta permite agilizar y obtener el CUD en formato papel o digital a trav\u00e9s de la aplicaci\u00f3n Mi Argentina, transform\u00e1ndose en un significativo avance para brindar mayor comodidad, inclusi\u00f3n y accesibilidad a las personas con discapacidad.<\/span><\/p>\n<p style=\"font-weight: 400;\"><span style=\"font-style: inherit; font-weight: inherit;\">La medida fue posible gracias a la capacitaci\u00f3n realizada por las juntas evaluadoras de discapacidad locales y del Hospital Jorge de Almirante Brown, en materia de carga del CUD Digital, para potenciar la celeridad en la obtenci\u00f3n del certificado.<\/span><\/p>\n<p style=\"font-weight: 400;\"><span style=\"font-style: inherit; font-weight: inherit;\">Para gestionarlo, los vecinos y vecinas de Almirante Brown pueden acercarse al nuevo Centro de Acceso a Derechos para Personas con Discapacidad en Burzaco, ubicado en Pellegrini N\u00b01015.<\/span><\/p>\n<p style=\"font-weight: 400;\"><span style=\"font-style: inherit; font-weight: inherit;\">\u201cEsta importante iniciativa tiene como principal objetivo seguir ampliando derechos a nuestros vecinos y vecinas con discapacidad para simplificar, acercar y acelerar los tr\u00e1mites, todo gracias al trabajo articulado con la ANDIS\u201d, subray\u00f3 Mariano Cascallares.<\/span><\/p>\n<p style=\"font-weight: 400;\"><span style=\"font-style: inherit; font-weight: inherit;\">Cabe destacar que el CUD es accesible desde la aplicaci\u00f3n m\u00f3vil o la web en formato digital y cuenta con la misma validez que su versi\u00f3n f\u00edsica para ser utilizado para cualquier tr\u00e1mite que se requiera. <\/span><\/p>\n<p style=\"font-weight: 400;\"><span style=\"font-style: inherit; font-weight: inherit;\">Adem\u00e1s, este documento certifica la discapacidad de la persona y le permite acceder a derechos y prestaciones que brinda el Estado<strong>(VW)<\/strong>.<\/span><\/p>\n<p>&nbsp;<\/p>\n","protected":false},"excerpt":{"rendered":"<p>Las personas que poseen este documento, tienen la posibilidad de acceder en formas m\u00e1s agil a los derechos y las prestaciones disponibles desde el Estado.\u00a0<\/p>\n","protected":false},"author":3,"featured_media":12541,"comment_status":"closed","ping_status":"closed","sticky":false,"template":"","format":"standard","meta":{"_monsterinsights_skip_tracking":false,"_monsterinsights_sitenote_active":false,"_monsterinsights_sitenote_note":"","_monsterinsights_sitenote_category":0,"footnotes":""},"categories":[5],"tags":[658,5228,2909,3765,14],"class_list":["post-12540","post","type-post","status-publish","format-standard","has-post-thumbnail","hentry","category-sociedad","tag-almirante-brown","tag-digitalizacion","tag-discapacidad","tag-estado","tag-municipio"],"_links":{"self":[{"href":"https:\/\/www.visionweb.com.ar\/index.php?rest_route=\/wp\/v2\/posts\/12540","targetHints":{"allow":["GET"]}}],"collection":[{"href":"https:\/\/www.visionweb.com.ar\/index.php?rest_route=\/wp\/v2\/posts"}],"about":[{"href":"https:\/\/www.visionweb.com.ar\/index.php?rest_route=\/wp\/v2\/types\/post"}],"author":[{"embeddable":true,"href":"https:\/\/www.visionweb.com.ar\/index.php?rest_route=\/wp\/v2\/users\/3"}],"replies":[{"embeddable":true,"href":"https:\/\/www.visionweb.com.ar\/index.php?rest_route=%2Fwp%2Fv2%2Fcomments&post=12540"}],"version-history":[{"count":3,"href":"https:\/\/www.visionweb.com.ar\/index.php?rest_route=\/wp\/v2\/posts\/12540\/revisions"}],"predecessor-version":[{"id":12547,"href":"https:\/\/www.visionweb.com.ar\/index.php?rest_route=\/wp\/v2\/posts\/12540\/revisions\/12547"}],"wp:featuredmedia":[{"embeddable":true,"href":"https:\/\/www.visionweb.com.ar\/index.php?rest_route=\/wp\/v2\/media\/12541"}],"wp:attachment":[{"href":"https:\/\/www.visionweb.com.ar\/index.php?rest_route=%2Fwp%2Fv2%2Fmedia&parent=12540"}],"wp:term":[{"taxonomy":"category","embeddable":true,"href":"https:\/\/www.visionweb.com.ar\/index.php?rest_route=%2Fwp%2Fv2%2Fcategories&post=12540"},{"taxonomy":"post_tag","embeddable":true,"href":"https:\/\/www.visionweb.com.ar\/index.php?rest_route=%2Fwp%2Fv2%2Ftags&post=12540"}],"curies":[{"name":"wp","href":"https:\/\/api.w.org\/{rel}","templated":true}]}}