{"id":12537,"date":"2023-11-14T09:51:25","date_gmt":"2023-11-14T12:51:25","guid":{"rendered":"https:\/\/www.visionweb.com.ar\/?p=12537"},"modified":"2023-11-14T09:51:25","modified_gmt":"2023-11-14T12:51:25","slug":"provincia-media-sancion-a-un-proyecto-para-que-restaurantes-presenten-informacion-nutricional-de-sus-platos","status":"publish","type":"post","link":"https:\/\/www.visionweb.com.ar\/?p=12537","title":{"rendered":"Provincia: Media sanci\u00f3n a un proyecto para que restaurantes presenten informaci\u00f3n nutricional de sus platos"},"content":{"rendered":"<p><strong><em>El proyecto busca que\u00a0los restaurantes emplazados en la provincia de Buenos Aires incorporen en sus cartas de men\u00fa la informaci\u00f3n nutricional de sus platos. La iniciativa tiene media sanci\u00f3n en el Senado y pas\u00f3 a Diputados para su tratamiento.<\/em><em>\u00a0<\/em><\/strong><!--more--><\/p>\n<p><img loading=\"lazy\" decoding=\"async\" class=\"size-medium wp-image-12538 alignright\" src=\"https:\/\/www.visionweb.com.ar\/wp-content\/uploads\/2023\/11\/menu-300x197.png\" alt=\"\" width=\"300\" height=\"197\" srcset=\"https:\/\/www.visionweb.com.ar\/wp-content\/uploads\/2023\/11\/menu-300x197.png 300w, https:\/\/www.visionweb.com.ar\/wp-content\/uploads\/2023\/11\/menu.png 461w\" sizes=\"auto, (max-width: 300px) 100vw, 300px\" \/>\u00a0\u00a0 <strong>E<\/strong>l Senado bonaerense en la \u00faltima sesi\u00f3n, aprob\u00f3 un proyecto de ley que busca que los establecimientos gastron\u00f3micos con atenci\u00f3n al p\u00fablico incorporen en sus cartas o men\u00fa la informaci\u00f3n nutricional de sus platos.<\/p>\n<p>Este proyecto, presentado por la legisladora Gabriela Demar\u00eda (Uni\u00f3n por la Patria, es una iniciativa \u201cpara ampliar los derechos de las personas usuarias y consumidoras de la provincia de Buenos Aires\u201d, indic\u00f3 la senadora en sus redes sociales.<\/p>\n<p>La propuesta, que ahora deber\u00e1 ser tratada en Diputados, contempla a \u201clos establecimientos comerciales cuyo rubro principal sea el gastron\u00f3mico, en los que se expendan comidas para ser consumidas en el lugar, que cuenten con una <strong>capacidad de ocupaci\u00f3n de 200 o m\u00e1s personas, o funcionen dentro de un centro o paseo de compras, shopping, estaci\u00f3n de servicio, o hipermercado, en el territorio de la provincia de Buenos Aires<\/strong>\u201d.<\/p>\n<p>Asimismo, se determina que los establecimientos antes mencionados que publiciten o comercialicen sus productos a trav\u00e9s de redes sociales o Apps tambi\u00e9n deber\u00e1n dar cumplimiento a lo estipulado.<\/p>\n<p>\u201cAmpliar derechos\u201d:<\/p>\n<p>En la red social X, la senadora Demar\u00eda se\u00f1al\u00f3 que \u201cen la \u00faltima sesi\u00f3n del @Senado BA se aprobaron dos proyectos de mi autor\u00eda para ampliar los derechos de las personas usuarias y consumidoras de la provincia de Buenos Aires\u201d.<\/p>\n<p>Y detall\u00f3: \u201cPropuse que 1) los locales gastron\u00f3micos de mayor envergadura tengan la obligaci\u00f3n de exhibir en las cartas la informaci\u00f3n nutricional de los platos que ofrecen. Ser\u00e1 optativo para los peque\u00f1os y medianos comercios. Y 2) incorporar a la legislaci\u00f3n provincial la figura de \u2018da\u00f1o directo\u2019 en los procesos de Defensa del Consumidor. Esto permitir\u00e1, que si una persona consumidora es da\u00f1ada en sus bienes o intereses econ\u00f3micos, como resultado de un accionar u omisi\u00f3n de los proveedores, pueda recibir una indemnizaci\u00f3n dentro del propio proceso administrativo, sin necesidad de iniciar juicio, como ocurre actualmente, con los tiempos y gastos que ello implica\u201d.<\/p>\n<p>En un comunicado, la legisladora luego inform\u00f3: \u201cVenimos trabajando este proyecto desde hace un tiempo, escuchamos distintas voces, entre ellas las del Colegio de Nutricionistas y la Defensor\u00eda del Pueblo de la Provincia, y lo hicimos en simult\u00e1neo con lo que se estaba desarrollando en Naci\u00f3n respecto a la Ley de Etiquetado Frontal que hoy est\u00e1 vigente\u201d.<\/p>\n<p>En esa l\u00ednea, argument\u00f3 que, \u201ccomo personas consumidoras, estamos acostumbradas a ver los oct\u00f3gonos, pero la Ley s\u00f3lo se aplica en los alimentos envasados\u201d.<\/p>\n<p>\u201cCon este proyecto buscamos <strong>dar un paso m\u00e1s<\/strong> y que al momento de elegir qu\u00e9 comer, tengamos la posibilidad de ver la informaci\u00f3n nutricional de los platos que se ofrecen\u201d, indic\u00f3.<\/p>\n<p>Demar\u00eda a la vez resalt\u00f3 que esta obligaci\u00f3n no se aplicar\u00e1 a los peque\u00f1os y medianos comercios, para quienes ser\u00e1 optativo; a la vez que destac\u00f3 la progresividad de la aplicaci\u00f3n de esta ley, cuyas disposiciones \u201c<strong>entrar\u00e1n en vigor en el plazo de doce meses posteriores al d\u00eda siguiente de su publicaci\u00f3n en el Bolet\u00edn Oficial<\/strong>\u201d. <strong>(VW)<\/strong><\/p>\n","protected":false},"excerpt":{"rendered":"<p>El proyecto busca que\u00a0los restaurantes emplazados en la provincia de Buenos Aires incorporen en sus cartas de men\u00fa la informaci\u00f3n nutricional de sus platos. La iniciativa tiene media sanci\u00f3n en el Senado y pas\u00f3&#46;&#46;&#46;<\/p>\n","protected":false},"author":4,"featured_media":12538,"comment_status":"closed","ping_status":"closed","sticky":false,"template":"","format":"standard","meta":{"_monsterinsights_skip_tracking":false,"_monsterinsights_sitenote_active":false,"_monsterinsights_sitenote_note":"","_monsterinsights_sitenote_category":0,"footnotes":""},"categories":[8,4],"tags":[5227,5226,2572,618,5225],"class_list":["post-12537","post","type-post","status-publish","format-standard","has-post-thumbnail","hentry","category-interes-general","category-politica","tag-gabriela-demaria","tag-informacion-nutricional","tag-media-sancion","tag-restaurantes","tag-senado-bonaeresnse"],"_links":{"self":[{"href":"https:\/\/www.visionweb.com.ar\/index.php?rest_route=\/wp\/v2\/posts\/12537","targetHints":{"allow":["GET"]}}],"collection":[{"href":"https:\/\/www.visionweb.com.ar\/index.php?rest_route=\/wp\/v2\/posts"}],"about":[{"href":"https:\/\/www.visionweb.com.ar\/index.php?rest_route=\/wp\/v2\/types\/post"}],"author":[{"embeddable":true,"href":"https:\/\/www.visionweb.com.ar\/index.php?rest_route=\/wp\/v2\/users\/4"}],"replies":[{"embeddable":true,"href":"https:\/\/www.visionweb.com.ar\/index.php?rest_route=%2Fwp%2Fv2%2Fcomments&post=12537"}],"version-history":[{"count":1,"href":"https:\/\/www.visionweb.com.ar\/index.php?rest_route=\/wp\/v2\/posts\/12537\/revisions"}],"predecessor-version":[{"id":12539,"href":"https:\/\/www.visionweb.com.ar\/index.php?rest_route=\/wp\/v2\/posts\/12537\/revisions\/12539"}],"wp:featuredmedia":[{"embeddable":true,"href":"https:\/\/www.visionweb.com.ar\/index.php?rest_route=\/wp\/v2\/media\/12538"}],"wp:attachment":[{"href":"https:\/\/www.visionweb.com.ar\/index.php?rest_route=%2Fwp%2Fv2%2Fmedia&parent=12537"}],"wp:term":[{"taxonomy":"category","embeddable":true,"href":"https:\/\/www.visionweb.com.ar\/index.php?rest_route=%2Fwp%2Fv2%2Fcategories&post=12537"},{"taxonomy":"post_tag","embeddable":true,"href":"https:\/\/www.visionweb.com.ar\/index.php?rest_route=%2Fwp%2Fv2%2Ftags&post=12537"}],"curies":[{"name":"wp","href":"https:\/\/api.w.org\/{rel}","templated":true}]}}