{"id":12534,"date":"2023-11-14T09:24:28","date_gmt":"2023-11-14T12:24:28","guid":{"rendered":"https:\/\/www.visionweb.com.ar\/?p=12534"},"modified":"2023-11-14T09:24:28","modified_gmt":"2023-11-14T12:24:28","slug":"sin-acuerdo-en-las-negociaciones-docentes","status":"publish","type":"post","link":"https:\/\/www.visionweb.com.ar\/?p=12534","title":{"rendered":"Sin acuerdo en las negociaciones docentes"},"content":{"rendered":"<p><strong><em>En el encuentro que se realizo en la tarde del lunes en el Minsiterio de Trabajo provincial, los docentes y el gobierno no llegaron a ning\u00fan acuerdo. Nueva reuni\u00f3n este martes.<\/em><\/strong>\u00a0 <!--more--><\/p>\n<div id=\"attachment_12535\" style=\"width: 310px\" class=\"wp-caption alignright\"><img loading=\"lazy\" decoding=\"async\" aria-describedby=\"caption-attachment-12535\" class=\"wp-image-12535 size-medium\" src=\"https:\/\/www.visionweb.com.ar\/wp-content\/uploads\/2023\/11\/FEB-300x169.png\" alt=\"\" width=\"300\" height=\"169\" srcset=\"https:\/\/www.visionweb.com.ar\/wp-content\/uploads\/2023\/11\/FEB-300x169.png 300w, https:\/\/www.visionweb.com.ar\/wp-content\/uploads\/2023\/11\/FEB-768x433.png 768w, https:\/\/www.visionweb.com.ar\/wp-content\/uploads\/2023\/11\/FEB.png 780w\" sizes=\"auto, (max-width: 300px) 100vw, 300px\" \/><p id=\"caption-attachment-12535\" class=\"wp-caption-text\"><strong><em>Tampoco hubo acuerdo en la reuni\u00f3n de ayer en el ministerio de Trabajo provincial (Foto: Prensa FEB) <\/em><\/strong><\/p><\/div>\n<p><strong>T<\/strong>ras el rechazo de la primera oferta de la Provincia,los gremios docentes bonaerenses vovieron a reunirze este lunes pero no se alcanz\u00f3 ning\u00fan.<\/p>\n<p class=\"fparrafo ctext fz18 lh24\">El Frente de Unidad Docente Bonaerense (FUDB) fue convocado este lunes, luego del cuarto intermedio del\u00a0 7 de noviembre, por el gobierno bonaerense para participar de la Audiencia Comisi\u00f3n Paritaria Docente.<\/p>\n<p>Los gremios<strong>\u00a0docentes<\/strong>\u00a0y el<strong>\u00a0gobierno provincia<\/strong>l siguen sin llegar a un acuerdo en la negociaci\u00f3n paritaria aunque en el encuentro de la v\u00edspera no se registraron avances.<\/p>\n<p>\u201cLa propuesta <strong>a\u00fan no contempla<\/strong>\u00a0lo expresado por el Frente de Unidad Docente Bonaerense\u201d, plantearon los sindicatos tras el encuentro.<\/p>\n<p class=\"fparrafo ctext fz18 lh24\">En la reuni\u00f3n estuvieron presentes autoridades del Ministerio de Trabajo, Econom\u00eda, DGCyE, IPS y la Subsecretar\u00eda de Gesti\u00f3n de Empleo P\u00fablico.<\/p>\n<p>\u00abDesde el FUDB\u00a0 expresamos la necesidad de aumento salarial para el sector docente, dado que la coyuntura actual de especulaci\u00f3n econ\u00f3mica impacta en la escalada inflacionaria, afecta de forma\u00a0 directa al poder adquisitivo de las y los trabajadores docentes\u00bb, dijeron desde la Federaci\u00f3n en un comunicado que difundieron en la tarde<\/p>\n<p>\u00abEs por ello que la propuesta expresada por el Gobierno Provincial a\u00fan no contempla lo expresado por el FUDB y es necesario seguir trabajando en el \u00e1mbito paritario\u00bb, agregaron desde la FEB<\/p>\n<p>Los sindicatos que integramos el FUDB y el Gobierno Provincial acordamos\u00a0 encontrarnos nuevamente este martes para\u00a0 analizar una nueva propuesta salarial atendiendo los requerimientos presentados. <strong>(VW)<\/strong>.<\/p>\n<p>&nbsp;<\/p>\n<p>&nbsp;<\/p>\n","protected":false},"excerpt":{"rendered":"<p>En el encuentro que se realizo en la tarde del lunes en el Minsiterio de Trabajo provincial, los docentes y el gobierno no llegaron a ning\u00fan acuerdo. Nueva reuni\u00f3n este martes.\u00a0<\/p>\n","protected":false},"author":3,"featured_media":12535,"comment_status":"closed","ping_status":"closed","sticky":false,"template":"","format":"standard","meta":{"_monsterinsights_skip_tracking":false,"_monsterinsights_sitenote_active":false,"_monsterinsights_sitenote_note":"","_monsterinsights_sitenote_category":0,"footnotes":""},"categories":[4],"tags":[141,410,158,56],"class_list":["post-12534","post","type-post","status-publish","format-standard","has-post-thumbnail","hentry","category-politica","tag-aumentos","tag-docentes","tag-paritarias","tag-salarios"],"_links":{"self":[{"href":"https:\/\/www.visionweb.com.ar\/index.php?rest_route=\/wp\/v2\/posts\/12534","targetHints":{"allow":["GET"]}}],"collection":[{"href":"https:\/\/www.visionweb.com.ar\/index.php?rest_route=\/wp\/v2\/posts"}],"about":[{"href":"https:\/\/www.visionweb.com.ar\/index.php?rest_route=\/wp\/v2\/types\/post"}],"author":[{"embeddable":true,"href":"https:\/\/www.visionweb.com.ar\/index.php?rest_route=\/wp\/v2\/users\/3"}],"replies":[{"embeddable":true,"href":"https:\/\/www.visionweb.com.ar\/index.php?rest_route=%2Fwp%2Fv2%2Fcomments&post=12534"}],"version-history":[{"count":1,"href":"https:\/\/www.visionweb.com.ar\/index.php?rest_route=\/wp\/v2\/posts\/12534\/revisions"}],"predecessor-version":[{"id":12536,"href":"https:\/\/www.visionweb.com.ar\/index.php?rest_route=\/wp\/v2\/posts\/12534\/revisions\/12536"}],"wp:featuredmedia":[{"embeddable":true,"href":"https:\/\/www.visionweb.com.ar\/index.php?rest_route=\/wp\/v2\/media\/12535"}],"wp:attachment":[{"href":"https:\/\/www.visionweb.com.ar\/index.php?rest_route=%2Fwp%2Fv2%2Fmedia&parent=12534"}],"wp:term":[{"taxonomy":"category","embeddable":true,"href":"https:\/\/www.visionweb.com.ar\/index.php?rest_route=%2Fwp%2Fv2%2Fcategories&post=12534"},{"taxonomy":"post_tag","embeddable":true,"href":"https:\/\/www.visionweb.com.ar\/index.php?rest_route=%2Fwp%2Fv2%2Ftags&post=12534"}],"curies":[{"name":"wp","href":"https:\/\/api.w.org\/{rel}","templated":true}]}}