{"id":12531,"date":"2023-11-14T09:05:33","date_gmt":"2023-11-14T12:05:33","guid":{"rendered":"https:\/\/www.visionweb.com.ar\/?p=12531"},"modified":"2023-11-14T09:05:33","modified_gmt":"2023-11-14T12:05:33","slug":"dia-mundial-de-diabetes-causas-y-tratamiento-de-la-enfermedad","status":"publish","type":"post","link":"https:\/\/www.visionweb.com.ar\/?p=12531","title":{"rendered":"D\u00eda Mundial de Diabetes: Causas y tratamiento de la enfermedad"},"content":{"rendered":"<p><em><strong>Desde 1991 cada 14 de noviembre se conmemora el D\u00eda Mundial de Diabetes.\u00a0En Argentina, se estima que 1 de cada 10 personas mayor de 18 a\u00f1os tiene diabetes, y 4 de cada 10 personas desconocen que la padecen.<\/strong><strong>\u00a0<\/strong><\/em><!--more--><\/p>\n<div id=\"attachment_12532\" style=\"width: 310px\" class=\"wp-caption alignright\"><img loading=\"lazy\" decoding=\"async\" aria-describedby=\"caption-attachment-12532\" class=\"wp-image-12532 size-medium\" src=\"https:\/\/www.visionweb.com.ar\/wp-content\/uploads\/2023\/11\/diabetes-300x169.png\" alt=\"\" width=\"300\" height=\"169\" srcset=\"https:\/\/www.visionweb.com.ar\/wp-content\/uploads\/2023\/11\/diabetes-300x169.png 300w, https:\/\/www.visionweb.com.ar\/wp-content\/uploads\/2023\/11\/diabetes.png 626w\" sizes=\"auto, (max-width: 300px) 100vw, 300px\" \/><p id=\"caption-attachment-12532\" class=\"wp-caption-text\">Imagen argentina.gob.ar<\/p><\/div>\n<p><strong>\u00a0\u00a0 E<\/strong>ste martes 14 de noviembre se conmemora el\u00a0<strong>D\u00eda Mundial de la Diabetes<\/strong>, con el objetivo de concientizar acerca de las causas, los s\u00edntomas, las complicaciones y el tratamiento de esta afecci\u00f3n que se encuentra en aumento en el mundo.<\/p>\n<p>El D\u00eda Mundial de la\u00a0Diabetes fue establecido hace 32 a\u00f1os por la\u00a0<strong>Federaci\u00f3n Internacional de Diabetes<\/strong>\u00a0y la\u00a0<strong>Organizaci\u00f3n Mundial de la Salud.\u00a0<\/strong><\/p>\n<p>La diabetes es una\u00a0<strong>enfermedad metab\u00f3lica cr\u00f3nica\u00a0<\/strong>caracterizada por niveles elevados de glucosa en sangre (o az\u00facar en sangre), que con el tiempo conduce a da\u00f1os graves en el coraz\u00f3n, los vasos sangu\u00edneos, los ojos, los ri\u00f1ones y los nervios.<\/p>\n<p>De acuerdo al\u00a0<strong>Ministerio de Salud<\/strong>, la diabetes es una enfermedad cr\u00f3nica que se caracteriza por presentar niveles altos de az\u00facar en sangre. En este sentido, la enfermedad acompa\u00f1a toda la vida a persona que la padece, pero con seguimiento y los tratamientos adecuados se pueden prevenir complicaciones y llevar una vida normal.<\/p>\n<p>Las causas de dicha enfermedad est\u00e1n ligadas a \u00abuna alteraci\u00f3n en la producci\u00f3n y\/o el funcionamiento de la insulina, entonces la glucosa queda afuera de la c\u00e9lula acumul\u00e1ndose en la sangre (hiperglucemia)\u00bb, detalla Salud.<\/p>\n<p>En Argentina, se estima que 1 de cada 10 personas de 18 a\u00f1os o m\u00e1s tiene diabetes y, aproximadamente, 4 de cada 10 personas que la padecen desconocen su condici\u00f3n.<\/p>\n<p><strong>La Organizaci\u00f3n Mundial de la Salud subraya que el acceso a un tratamiento asequible, incluida la insulina, es fundamental para la supervivencia de las personas que viven con diabetes. <\/strong><\/p>\n<p>Aproximadamente 62 millones de personas en las Am\u00e9ricas (422 millones de personas en todo el mundo) tienen diabetes, la mayor\u00eda vive en pa\u00edses de ingresos bajos y medianos, y 244 084 muertes (1.5 millones en todo el mundo) se atribuyen directamente a la diabetes cada a\u00f1o. Tanto el n\u00famero de casos como la prevalencia de diabetes han aumentado constantemente durante las \u00faltimas d\u00e9cadas.<\/p>\n<p><strong>Los diferentes tipos de diabetes:<\/strong><\/p>\n<ul>\n<li><strong>Diabetes tipo 1<\/strong>: el p\u00e1ncreas no produce insulina, por lo tanto, la glucosa no puede ingresar a las c\u00e9lulas. Generalmente comienza antes de los 30 a\u00f1os y su tratamiento requiere seguir un plan de alimentaci\u00f3n adecuado y la aplicaci\u00f3n de inyecciones de insulina todos los d\u00edas.<\/li>\n<li><strong>Diabetes tipo 2\u00a0<\/strong>es la\u00a0<strong>forma m\u00e1s com\u00fan<\/strong>. Si bien existe producci\u00f3n de insulina, esta es insuficiente y la misma act\u00faa de forma incorrecta, de modo que el ingreso de la glucosa a las c\u00e9lulas, se ve dificultado (insulinorresistencia). Si bien suele comenzar despu\u00e9s de los 40 a\u00f1os, la enfermedad se observa en forma cada vez m\u00e1s frecuente en personas m\u00e1s j\u00f3venes. Este tipo de diabetes se asocia a sobrepeso y obesidad, alimentaci\u00f3n inadecuada, falta de actividad f\u00edsica y antecedentes familiares de diabetes tipo 2.<\/li>\n<li>La\u00a0<strong>Diabetes gestacional\u00a0<\/strong>es la glucemia alta que se inicia o se diagnostica en el embarazo.<\/li>\n<li>Otro tipo espec\u00edfico de diabetes, menos frecuente, es la\u00a0<strong>diabetes causada por otras enfermedades o medicamentos<\/strong>\u00a0como por ejemplo enfermedades del p\u00e1ncreas.<\/li>\n<\/ul>\n<p>La diabetes es una de las principales causas de ceguera, insuficiencia renal, ataques card\u00edacos, derrames cerebrales y amputaci\u00f3n de miembros inferiores. La diabetes mal controlada aumenta las posibilidades de estas complicaciones y la mortalidad prematura.<\/p>\n<p><strong>El sobrepeso y la inactividad f\u00edsica son los principales factores de riesgo de diabetes tipo 2<\/strong>. Una dieta saludable, actividad f\u00edsica regular, mantener un peso corporal normal y evitar el consumo de tabaco son formas de prevenir o retrasar la aparici\u00f3n de la diabetes tipo 2.<\/p>\n<p>Durante t<strong>oda la semana habr\u00e1 jornadas en diferentes localidades de la provincia de Buenos Aires<\/strong> en las que se realizar\u00e1n chequeos, pruebas de glucemia y m\u00e1s. <strong>(VW)<\/strong><\/p>\n","protected":false},"excerpt":{"rendered":"<p>Desde 1991 cada 14 de noviembre se conmemora el D\u00eda Mundial de Diabetes.\u00a0En Argentina, se estima que 1 de cada 10 personas mayor de 18 a\u00f1os tiene diabetes, y 4 de cada 10 personas&#46;&#46;&#46;<\/p>\n","protected":false},"author":4,"featured_media":12532,"comment_status":"closed","ping_status":"closed","sticky":false,"template":"","format":"standard","meta":{"_monsterinsights_skip_tracking":false,"_monsterinsights_sitenote_active":false,"_monsterinsights_sitenote_note":"","_monsterinsights_sitenote_category":0,"footnotes":""},"categories":[8],"tags":[1292,5224,3415,1442],"class_list":["post-12531","post","type-post","status-publish","format-standard","has-post-thumbnail","hentry","category-interes-general","tag-14-de-noviembre","tag-causas-y-tratamiento","tag-dia-mundial-de-la-diabetes","tag-oms"],"_links":{"self":[{"href":"https:\/\/www.visionweb.com.ar\/index.php?rest_route=\/wp\/v2\/posts\/12531","targetHints":{"allow":["GET"]}}],"collection":[{"href":"https:\/\/www.visionweb.com.ar\/index.php?rest_route=\/wp\/v2\/posts"}],"about":[{"href":"https:\/\/www.visionweb.com.ar\/index.php?rest_route=\/wp\/v2\/types\/post"}],"author":[{"embeddable":true,"href":"https:\/\/www.visionweb.com.ar\/index.php?rest_route=\/wp\/v2\/users\/4"}],"replies":[{"embeddable":true,"href":"https:\/\/www.visionweb.com.ar\/index.php?rest_route=%2Fwp%2Fv2%2Fcomments&post=12531"}],"version-history":[{"count":1,"href":"https:\/\/www.visionweb.com.ar\/index.php?rest_route=\/wp\/v2\/posts\/12531\/revisions"}],"predecessor-version":[{"id":12533,"href":"https:\/\/www.visionweb.com.ar\/index.php?rest_route=\/wp\/v2\/posts\/12531\/revisions\/12533"}],"wp:featuredmedia":[{"embeddable":true,"href":"https:\/\/www.visionweb.com.ar\/index.php?rest_route=\/wp\/v2\/media\/12532"}],"wp:attachment":[{"href":"https:\/\/www.visionweb.com.ar\/index.php?rest_route=%2Fwp%2Fv2%2Fmedia&parent=12531"}],"wp:term":[{"taxonomy":"category","embeddable":true,"href":"https:\/\/www.visionweb.com.ar\/index.php?rest_route=%2Fwp%2Fv2%2Fcategories&post=12531"},{"taxonomy":"post_tag","embeddable":true,"href":"https:\/\/www.visionweb.com.ar\/index.php?rest_route=%2Fwp%2Fv2%2Ftags&post=12531"}],"curies":[{"name":"wp","href":"https:\/\/api.w.org\/{rel}","templated":true}]}}