{"id":12525,"date":"2023-11-13T17:58:29","date_gmt":"2023-11-13T20:58:29","guid":{"rendered":"https:\/\/www.visionweb.com.ar\/?p=12525"},"modified":"2023-11-13T18:08:23","modified_gmt":"2023-11-13T21:08:23","slug":"para-el-indec-la-inflacion-de-octubre-alcanzo-al-83","status":"publish","type":"post","link":"https:\/\/www.visionweb.com.ar\/?p=12525","title":{"rendered":"Para el INDEC la inflaci\u00f3n de octubre alcanz\u00f3 al 8,3%"},"content":{"rendered":"<p class=\"news-headline__article-summary\"><em><strong>Con el nuevo porcentaje ya seacumul\u00f3 en lo que va del a\u00f1o un puntos porcentuales. En la comparaci\u00f3n interanual, el incremento alcanz\u00f3 el 142,7%.<\/strong><\/em><!--more--><\/p>\n<div id=\"attachment_12528\" style=\"width: 310px\" class=\"wp-caption alignright\"><img loading=\"lazy\" decoding=\"async\" aria-describedby=\"caption-attachment-12528\" class=\"wp-image-12528 size-medium\" src=\"https:\/\/www.visionweb.com.ar\/wp-content\/uploads\/2023\/11\/IPC-300x198.png\" alt=\"\" width=\"300\" height=\"198\" srcset=\"https:\/\/www.visionweb.com.ar\/wp-content\/uploads\/2023\/11\/IPC-300x198.png 300w, https:\/\/www.visionweb.com.ar\/wp-content\/uploads\/2023\/11\/IPC.png 640w\" sizes=\"auto, (max-width: 300px) 100vw, 300px\" \/><p id=\"caption-attachment-12528\" class=\"wp-caption-text\"><em><strong>El Costo de Vida subi\u00f3 8,3 en octubre. El rubro que m\u00e1s aumento fue el textil <\/strong><\/em><\/p><\/div>\n<p><strong>E<\/strong>l Instituto Nacional de Estad\u00edstica y Censos (Indec) dio a conocer este lunes la variaci\u00f3n del \u00cdndice de Precios al Consumidor (IPC) de octubre que alcanz\u00f3 al 8,3%, una des aceleraci\u00f3n\u00a0 con relaci\u00f3n al 12,7% de septiembre.<\/p>\n<p>Con los guarismos que se conocieron en el d\u00eda de la fecha en lo que va del a\u00f1o se acumul\u00f3\u00a0 un 120% y en la comparaci\u00f3n interanual, el incremento alcanz\u00f3 el 142,7%, el m\u00e1ximo de los \u00faltimos 32 a\u00f1os.<\/p>\n<p>La divisi\u00f3n de mayor aumento en el mes fue Comunicaci\u00f3n (+12,6%), debido a las subas en los servicios de telefon\u00eda e internet.<\/p>\n<p>Le siguieron Prendas de vestir y calzado (+11%), seg\u00fan explicaron desde la entidad, por el cambio de temporada\u2013, y Equipamiento y mantenimiento del hogar (+10,7%).<\/p>\n<p>Respecto del rubro que abarca a las categor\u00edas vivienda, agua, gas, combustibles y otros la variaci\u00f3n en comparaci\u00f3n con el per\u00edodo anterior fue del 7,8%<\/p>\n<p>En tanto que la divisi\u00f3n con mayor incidencia en todas las regiones fue Alimentos y bebidas no alcoh\u00f3licas con un (+7,7%). En la categor\u00eda de transportes el incremento fue del 7,1% a nivel nacional.<\/p>\n<p>En la otra punta las dos divisiones que registraron las menores variaciones en octubre fueron Salud (5,1%) y Educaci\u00f3n (6,6%).<\/p>\n<p>Respecto de las categor\u00edas medidas por el INDEC, el IPC N\u00facleo (8,8%) lider\u00f3 el aumento seguida por Estacionales (7,6%), mientras que los precios \u00abRegulados\u00bb registraron un incremento de 6,6%.<strong>(VW)<\/strong><\/p>\n<p>&nbsp;<\/p>\n","protected":false},"excerpt":{"rendered":"<p>Con el nuevo porcentaje ya seacumul\u00f3 en lo que va del a\u00f1o un puntos porcentuales. En la comparaci\u00f3n interanual, el incremento alcanz\u00f3 el 142,7%.<\/p>\n","protected":false},"author":3,"featured_media":12528,"comment_status":"closed","ping_status":"closed","sticky":false,"template":"","format":"standard","meta":{"_monsterinsights_skip_tracking":false,"_monsterinsights_sitenote_active":false,"_monsterinsights_sitenote_note":"","_monsterinsights_sitenote_category":0,"footnotes":""},"categories":[3,6],"tags":[111,195,5223],"class_list":["post-12525","post","type-post","status-publish","format-standard","has-post-thumbnail","hentry","category-actualidad","category-economia","tag-alimentos","tag-energia","tag-textil"],"_links":{"self":[{"href":"https:\/\/www.visionweb.com.ar\/index.php?rest_route=\/wp\/v2\/posts\/12525","targetHints":{"allow":["GET"]}}],"collection":[{"href":"https:\/\/www.visionweb.com.ar\/index.php?rest_route=\/wp\/v2\/posts"}],"about":[{"href":"https:\/\/www.visionweb.com.ar\/index.php?rest_route=\/wp\/v2\/types\/post"}],"author":[{"embeddable":true,"href":"https:\/\/www.visionweb.com.ar\/index.php?rest_route=\/wp\/v2\/users\/3"}],"replies":[{"embeddable":true,"href":"https:\/\/www.visionweb.com.ar\/index.php?rest_route=%2Fwp%2Fv2%2Fcomments&post=12525"}],"version-history":[{"count":3,"href":"https:\/\/www.visionweb.com.ar\/index.php?rest_route=\/wp\/v2\/posts\/12525\/revisions"}],"predecessor-version":[{"id":12530,"href":"https:\/\/www.visionweb.com.ar\/index.php?rest_route=\/wp\/v2\/posts\/12525\/revisions\/12530"}],"wp:featuredmedia":[{"embeddable":true,"href":"https:\/\/www.visionweb.com.ar\/index.php?rest_route=\/wp\/v2\/media\/12528"}],"wp:attachment":[{"href":"https:\/\/www.visionweb.com.ar\/index.php?rest_route=%2Fwp%2Fv2%2Fmedia&parent=12525"}],"wp:term":[{"taxonomy":"category","embeddable":true,"href":"https:\/\/www.visionweb.com.ar\/index.php?rest_route=%2Fwp%2Fv2%2Fcategories&post=12525"},{"taxonomy":"post_tag","embeddable":true,"href":"https:\/\/www.visionweb.com.ar\/index.php?rest_route=%2Fwp%2Fv2%2Ftags&post=12525"}],"curies":[{"name":"wp","href":"https:\/\/api.w.org\/{rel}","templated":true}]}}