{"id":12520,"date":"2023-11-13T10:10:09","date_gmt":"2023-11-13T13:10:09","guid":{"rendered":"https:\/\/www.visionweb.com.ar\/?p=12520"},"modified":"2023-11-13T10:10:09","modified_gmt":"2023-11-13T13:10:09","slug":"aumentos-salariales-el-gobierno-bonaerense-convoco-otra-vez-a-docentes-y-estatales","status":"publish","type":"post","link":"https:\/\/www.visionweb.com.ar\/?p=12520","title":{"rendered":"Aumentos salariales: El gobierno bonaerense convoc\u00f3 otra vez a docentes y estatales"},"content":{"rendered":"<p><em><strong>El gobierno de Axel Kicillof hab\u00eda ofrecido un 15% de suba. Nuevo ronda e conversaciones en busca de un acuerdo.<\/strong><\/em><!--more--><\/p>\n<p><strong><img loading=\"lazy\" decoding=\"async\" class=\"size-medium wp-image-5958 alignright\" src=\"https:\/\/www.visionweb.com.ar\/wp-content\/uploads\/2022\/06\/GREMIOS-CON-SILIONI-300x199.png\" alt=\"\" width=\"300\" height=\"199\" srcset=\"https:\/\/www.visionweb.com.ar\/wp-content\/uploads\/2022\/06\/GREMIOS-CON-SILIONI-300x199.png 300w, https:\/\/www.visionweb.com.ar\/wp-content\/uploads\/2022\/06\/GREMIOS-CON-SILIONI-768x510.png 768w, https:\/\/www.visionweb.com.ar\/wp-content\/uploads\/2022\/06\/GREMIOS-CON-SILIONI.png 800w\" sizes=\"auto, (max-width: 300px) 100vw, 300px\" \/><\/strong>Luego del primer encuentro que mantuvieron durante la \u00faltima semana los representantes de los gremios y el Ministerio de Trabajo de la Provincia, los docentes bonaerenses volver\u00e1n a reunirse este lunes para seguir discutiendo el aumento salarial.<\/p>\n<p>En tanto resta se espera todav\u00eda la confirmaci\u00f3n de la convocatoria a los sindicatos representantes de los trabajadores estatales para el pr\u00f3ximo martes.<\/p>\n<p>Seg\u00fan se pudo establecer VW,\u00a0 la cita a los gremios fue acordada para este lunes a las 16 horas en la sede del Ministerio de Trabajo bonaerense, ubicado en la avenida 7 entre 39 y 40.<\/p>\n<p>En la primera reuni\u00f3n no hubo acuerdo ya que los representantes gremiales de los docentes,de\u00a0 los estatales y judiciales- rechazaron la propuesta de mejora salarial del 15 por ciento que les formul\u00f3 el gobierno.<\/p>\n<p><strong>\u00a0Un sindicato docente, desliz\u00f3 que una mejora aceptable ser\u00eda del 22%<\/strong>, mientras que el resto de los gremios prefirieron no brindar porcentajes respecto de las pretensiones.<\/p>\n<p>Por otra parte, los referentes sindicales coincidieron en la necesidad de \u201cun esfuerzo\u201d de parte de las autoridades para que la pr\u00f3xima oferta sea lo suficientemente convincente que deje abierta la posibilidad de un entendimiento.<\/p>\n<p>\u201cPrecisamos que se realice un esfuerzo para garantizar la recomposici\u00f3n salarial y seguir trabajando en la recuperaci\u00f3n del poder adquisitivo\u201d, indic\u00f3 al t\u00e9rmino de la reuni\u00f3n con estatales el secretario general de ATE Provincia, Claudio Ar\u00e9valo.<\/p>\n<p>Por su parte, el Frente de Unidad Docente Bonaerense (FUDB) expres\u00f3 a trav\u00e9s de un comunicado que rechazaron lo ofrecido e indicaron que \u201csostenemos nuestro leg\u00edtimo reclamo de un incremento salarial que garantice el poder adquisitivo de todas y todos los docentes bonaerenses, como as\u00ed tambi\u00e9n que se mantenga en vigencia la cl\u00e1usula de monitoreo, revisi\u00f3n y actualizaci\u00f3n, para garantizar a los educadores no perder poder adquisitivo contra la inflaci\u00f3n\u201d<strong>(VW)<\/strong>.<\/p>\n<p>&nbsp;<\/p>\n","protected":false},"excerpt":{"rendered":"<p>El gobierno de Axel Kicillof hab\u00eda ofrecido un 15% de suba. Nuevo ronda e conversaciones en busca de un acuerdo.<\/p>\n","protected":false},"author":3,"featured_media":5958,"comment_status":"closed","ping_status":"closed","sticky":false,"template":"","format":"standard","meta":{"_monsterinsights_skip_tracking":false,"_monsterinsights_sitenote_active":false,"_monsterinsights_sitenote_note":"","_monsterinsights_sitenote_category":0,"footnotes":""},"categories":[4],"tags":[410,57,5222,158],"class_list":["post-12520","post","type-post","status-publish","format-standard","has-post-thumbnail","hentry","category-politica","tag-docentes","tag-gremios","tag-kicinllof","tag-paritarias"],"_links":{"self":[{"href":"https:\/\/www.visionweb.com.ar\/index.php?rest_route=\/wp\/v2\/posts\/12520","targetHints":{"allow":["GET"]}}],"collection":[{"href":"https:\/\/www.visionweb.com.ar\/index.php?rest_route=\/wp\/v2\/posts"}],"about":[{"href":"https:\/\/www.visionweb.com.ar\/index.php?rest_route=\/wp\/v2\/types\/post"}],"author":[{"embeddable":true,"href":"https:\/\/www.visionweb.com.ar\/index.php?rest_route=\/wp\/v2\/users\/3"}],"replies":[{"embeddable":true,"href":"https:\/\/www.visionweb.com.ar\/index.php?rest_route=%2Fwp%2Fv2%2Fcomments&post=12520"}],"version-history":[{"count":1,"href":"https:\/\/www.visionweb.com.ar\/index.php?rest_route=\/wp\/v2\/posts\/12520\/revisions"}],"predecessor-version":[{"id":12524,"href":"https:\/\/www.visionweb.com.ar\/index.php?rest_route=\/wp\/v2\/posts\/12520\/revisions\/12524"}],"wp:featuredmedia":[{"embeddable":true,"href":"https:\/\/www.visionweb.com.ar\/index.php?rest_route=\/wp\/v2\/media\/5958"}],"wp:attachment":[{"href":"https:\/\/www.visionweb.com.ar\/index.php?rest_route=%2Fwp%2Fv2%2Fmedia&parent=12520"}],"wp:term":[{"taxonomy":"category","embeddable":true,"href":"https:\/\/www.visionweb.com.ar\/index.php?rest_route=%2Fwp%2Fv2%2Fcategories&post=12520"},{"taxonomy":"post_tag","embeddable":true,"href":"https:\/\/www.visionweb.com.ar\/index.php?rest_route=%2Fwp%2Fv2%2Ftags&post=12520"}],"curies":[{"name":"wp","href":"https:\/\/api.w.org\/{rel}","templated":true}]}}