{"id":12513,"date":"2023-11-13T09:28:48","date_gmt":"2023-11-13T12:28:48","guid":{"rendered":"https:\/\/www.visionweb.com.ar\/?p=12513"},"modified":"2023-11-13T09:28:48","modified_gmt":"2023-11-13T12:28:48","slug":"lanus-municipales-convocaron-a-paro-general-de-actividades-para-manana-martes","status":"publish","type":"post","link":"https:\/\/www.visionweb.com.ar\/?p=12513","title":{"rendered":"Lan\u00fas: Municipales convocaron a paro general de actividades para ma\u00f1ana martes"},"content":{"rendered":"<p><em><strong>Ser\u00e1 desde las cero horas con presencia en los lugares de trabajo. Fue tras rechazar el nuevo ofrecimiento del Ejecutivo de un 14% de aumento para noviembre.<\/strong><\/em>\u00a0 <!--more--><\/p>\n<div id=\"attachment_12515\" style=\"width: 310px\" class=\"wp-caption alignleft\"><img loading=\"lazy\" decoding=\"async\" aria-describedby=\"caption-attachment-12515\" class=\"wp-image-12515 size-medium\" src=\"https:\/\/www.visionweb.com.ar\/wp-content\/uploads\/2023\/11\/municipales-lanus-archivo-300x162.png\" alt=\"\" width=\"300\" height=\"162\" srcset=\"https:\/\/www.visionweb.com.ar\/wp-content\/uploads\/2023\/11\/municipales-lanus-archivo-300x162.png 300w, https:\/\/www.visionweb.com.ar\/wp-content\/uploads\/2023\/11\/municipales-lanus-archivo.png 572w\" sizes=\"auto, (max-width: 300px) 100vw, 300px\" \/><p id=\"caption-attachment-12515\" class=\"wp-caption-text\">Municipales har\u00e1n paro en sus puestos de trabajo. Foto archivo VW<\/p><\/div>\n<p><strong> \u00a0 E<\/strong>l titular del Sindicato de Trabajadores Municipales de Lan\u00fas (STML), Miguel Pedelhez,\u00a0advirti\u00f3 que debido al fracaso de la paritaria habr\u00e1 un cese de tareas para el martes 14 de noviembre, y <strong>denunci\u00f3 que el sueldo de los empleados comunales es uno de los cinco m\u00e1s bajos de la provincia<\/strong>\u00a0de Buenos Aires.<\/p>\n<p>La medida de fuerza comenzar\u00e1 a regir desde las 00 horas del martes 14 de noviembre, con presencia en los lugares de trabajo.<\/p>\n<p>El Ejecutivo local, luego del cuarto intermedio, convoc\u00f3 a nueva reuni\u00f3n paritaria en la que ofreci\u00f3 un 14% de aumento para este mes, que fue rechazado un\u00e1nimemente por los cuerpos org\u00e1nicos del gremio que lidera Miguel Pedelhez.<\/p>\n<p>Cabe recordar que el primer ofrecimiento fue del 12,7% en septiembre, que tambi\u00e9n se desestim\u00f3 por insuficiente.<\/p>\n<p>En ese sentido, el gremialista peronista indic\u00f3 que: \u201cHab\u00edamos<strong>\u00a0planteado el 40 y nos dieron el 14 en octubre<\/strong>. Ahora pedimos lo mismo, pasamos a un cuarto intermedio\u201d, coment\u00f3 Pedelhez.<\/p>\n<p>Seg\u00fan el eterno dirigente sindical los delegados de todos los sectores, resolvieron por unanimidad rechazar la oferta y escalar el plan de lucha con un\u00a0<strong>\u201cparo total de actividades con asambleas\u201d para el martes<\/strong>: \u201cMi visi\u00f3n es pesimista, ser\u00eda surrealista que tengan una propuesta superadora\u201d, advirti\u00f3.<\/p>\n<p>Respecto de la transici\u00f3n, el exconcejal durante la gesti\u00f3n de Dar\u00edo D\u00edaz P\u00e9rez cont\u00f3 que particip\u00f3 de cambios de mando desde la dictadura a hoy, y puso de relieve que hace quince d\u00edas puso\u00a0<strong>\u201cen estado de alerta a los trabajadores para custodiar el patrimonio municipal\u201d.<\/strong><\/p>\n<p>\u201cCon Juli\u00e1n \u00c1lvarez voy a tratar de llevarme bien, creo que lo primero que har\u00e1 es una revisi\u00f3n profunda de la situaci\u00f3n patrimonial y financiera del municipio. All\u00ed ver\u00e1 que vamos a llegar a una transici\u00f3n en plan de lucha, es la primera vez.\u00a0<strong>Creo que esta nueva etapa ser\u00e1 inmensamente mejo<\/strong>r\u201d, vaticin\u00f3 Pedelhez. <strong>(VW)<\/strong><\/p>\n<p>&nbsp;<\/p>\n","protected":false},"excerpt":{"rendered":"<p>Ser\u00e1 desde las cero horas con presencia en los lugares de trabajo. Fue tras rechazar el nuevo ofrecimiento del Ejecutivo de un 14% de aumento para noviembre.\u00a0<\/p>\n","protected":false},"author":4,"featured_media":12515,"comment_status":"closed","ping_status":"closed","sticky":false,"template":"","format":"standard","meta":{"_monsterinsights_skip_tracking":false,"_monsterinsights_sitenote_active":false,"_monsterinsights_sitenote_note":"","_monsterinsights_sitenote_category":0,"footnotes":""},"categories":[4,5],"tags":[5217,5218,5219],"class_list":["post-12513","post","type-post","status-publish","format-standard","has-post-thumbnail","hentry","category-politica","category-sociedad","tag-municipales-de-lanus","tag-paro-martes-14-de-noviembre","tag-pedelhez"],"_links":{"self":[{"href":"https:\/\/www.visionweb.com.ar\/index.php?rest_route=\/wp\/v2\/posts\/12513","targetHints":{"allow":["GET"]}}],"collection":[{"href":"https:\/\/www.visionweb.com.ar\/index.php?rest_route=\/wp\/v2\/posts"}],"about":[{"href":"https:\/\/www.visionweb.com.ar\/index.php?rest_route=\/wp\/v2\/types\/post"}],"author":[{"embeddable":true,"href":"https:\/\/www.visionweb.com.ar\/index.php?rest_route=\/wp\/v2\/users\/4"}],"replies":[{"embeddable":true,"href":"https:\/\/www.visionweb.com.ar\/index.php?rest_route=%2Fwp%2Fv2%2Fcomments&post=12513"}],"version-history":[{"count":1,"href":"https:\/\/www.visionweb.com.ar\/index.php?rest_route=\/wp\/v2\/posts\/12513\/revisions"}],"predecessor-version":[{"id":12516,"href":"https:\/\/www.visionweb.com.ar\/index.php?rest_route=\/wp\/v2\/posts\/12513\/revisions\/12516"}],"wp:featuredmedia":[{"embeddable":true,"href":"https:\/\/www.visionweb.com.ar\/index.php?rest_route=\/wp\/v2\/media\/12515"}],"wp:attachment":[{"href":"https:\/\/www.visionweb.com.ar\/index.php?rest_route=%2Fwp%2Fv2%2Fmedia&parent=12513"}],"wp:term":[{"taxonomy":"category","embeddable":true,"href":"https:\/\/www.visionweb.com.ar\/index.php?rest_route=%2Fwp%2Fv2%2Fcategories&post=12513"},{"taxonomy":"post_tag","embeddable":true,"href":"https:\/\/www.visionweb.com.ar\/index.php?rest_route=%2Fwp%2Fv2%2Ftags&post=12513"}],"curies":[{"name":"wp","href":"https:\/\/api.w.org\/{rel}","templated":true}]}}