{"id":12512,"date":"2023-11-13T09:29:08","date_gmt":"2023-11-13T12:29:08","guid":{"rendered":"https:\/\/www.visionweb.com.ar\/?p=12512"},"modified":"2023-11-13T09:33:25","modified_gmt":"2023-11-13T12:33:25","slug":"la-justicia-electoral-bonaerense-alerto-sobre-la-falta-de-boletas-de-la-libertad-avanza","status":"publish","type":"post","link":"https:\/\/www.visionweb.com.ar\/?p=12512","title":{"rendered":"La justicia electoral bonaerense alert\u00f3 sobre la falta de boletas de la Libertad Avanza"},"content":{"rendered":"<p><em><strong>En algunos casos, las boletas no llegan a un cuarto de la cantidad sugerida. Adem\u00e1s las enviaron en bolsas negras, y no como indica la ley.<\/strong><\/em><!--more--><\/p>\n<div id=\"attachment_12514\" style=\"width: 310px\" class=\"wp-caption alignright\"><img loading=\"lazy\" decoding=\"async\" aria-describedby=\"caption-attachment-12514\" class=\"wp-image-12514 size-medium\" src=\"https:\/\/www.visionweb.com.ar\/wp-content\/uploads\/2023\/11\/Boletas-300x170.png\" alt=\"\" width=\"300\" height=\"170\" srcset=\"https:\/\/www.visionweb.com.ar\/wp-content\/uploads\/2023\/11\/Boletas-300x170.png 300w, https:\/\/www.visionweb.com.ar\/wp-content\/uploads\/2023\/11\/Boletas.png 640w\" sizes=\"auto, (max-width: 300px) 100vw, 300px\" \/><p id=\"caption-attachment-12514\" class=\"wp-caption-text\"><strong><em>La justicia electoral bonaerense dijo que no son suficientes las boletas entregadas de LLA (Im\u00e1gen publicada en twitter)<\/em><\/strong><\/p><\/div>\n<p><strong>L<\/strong>a Justicia Electoral Nacional de la provincia de Buenos Aires advirti\u00f3 a los apoderados de La Libertad Avanza (LLA) que <strong>no entregaron la cantidad suficiente de boletas de cara al balotaje <\/strong>que el candidato presidencial de ese espacio, Javier Milei, disputar\u00e1 el\u00a0 domingo 19 con Sergio Massa, de Uni\u00f3n por la Patria (UxP).<\/p>\n<p>El planteo se formul\u00f3 a trav\u00e9s del Acta 33, que lleva las firmas del presidente de la C\u00e1mara Federal de Apelaciones de La Plata, Roberto Agust\u00edn Lemos Arias; el presidente de la Suprema Corte de Justicia bonaerense, Sergio Gabriel Torres, y el juez federal con competencia electoral en la provincia de Buenos Aires, Alejo Ramos Padilla.<\/p>\n<p>La Justicia record\u00f3 que \u201ccada agrupaci\u00f3n debe entregarle para su distribuci\u00f3n trav\u00e9s del Correo Argentino un fajo de hasta 350 boletas por cada una de las 38.074 mesas a habilitarse y dos fajos de igual cantidad de boletas para el sistema de contingencia por cada establecimiento en el que fueran a funcionar hasta ocho mesas de votaci\u00f3n y cuatro fajos para el caso de los establecimientos en los que habr\u00e1n de funcionar nueve o m\u00e1s mesas de votaci\u00f3n\u201d.<\/p>\n<p>En el texto, se consider\u00f3 que \u201cen las entregas efectuadas hasta la fecha, la agrupaci\u00f3n \u2018La Libertad Avanza\u2019, ha presentado sus fajos con una cantidad sustancialmente menor de boletas, que, en algunos casos, no alcanza a un cuarto de la cantidad m\u00e1xima sugerida, not\u00e1ndose tambi\u00e9n en muchos casos que la cantidad de fajos tampoco alcanza a cubrir todas las mesas de los municipios que se est\u00e1n procesando para su entrega al Correo; lo que oblig\u00f3 a sacar fajos de las bolsas de contingencia, o inclusive restarlos de otros municipios de procesamiento posterior, para poder completar las mesas\u201d.<\/p>\n<p>\u201cDe igual modo, se ha notado el incumplimiento de lo requerido en el Acta 31 en cuanto al modo de presentaci\u00f3n de los fajos, puesto que la agrupaci\u00f3n los ha presentado en cajas cerradas de cart\u00f3n o en bolsas pl\u00e1sticas negras, que dificultan y demoran su control y verificaci\u00f3n\u201d, se indic\u00f3.<\/p>\n<p>Los jueces especificaron que \u201cesas circunstancias ya ha sido puestas en conocimiento de los apoderados de la alianza de referencia a cargo de la entrega de boletas, por parte de los funcionarios de esta Junta responsables de la recepci\u00f3n\u201d.<\/p>\n<p>En tanto, se indic\u00f3 que \u201crespecto de la otra alianza participante, \u2018Uni\u00f3n por la Patria\u2019 no se advierten hasta la fecha, inconvenientes similares\u201d<strong>(VW, con informaci\u00f3n de Telam)<\/strong>.<\/p>\n","protected":false},"excerpt":{"rendered":"<p>En algunos casos, las boletas no llegan a un cuarto de la cantidad sugerida. Adem\u00e1s las enviaron en bolsas negras, y no como indica la ley.<\/p>\n","protected":false},"author":3,"featured_media":12514,"comment_status":"closed","ping_status":"closed","sticky":false,"template":"","format":"standard","meta":{"_monsterinsights_skip_tracking":false,"_monsterinsights_sitenote_active":false,"_monsterinsights_sitenote_note":"","_monsterinsights_sitenote_category":0,"footnotes":""},"categories":[4],"tags":[5122,3950,5220,5187],"class_list":["post-12512","post","type-post","status-publish","format-standard","has-post-thumbnail","hentry","category-politica","tag-boletas","tag-bolsas","tag-falta","tag-lla"],"_links":{"self":[{"href":"https:\/\/www.visionweb.com.ar\/index.php?rest_route=\/wp\/v2\/posts\/12512","targetHints":{"allow":["GET"]}}],"collection":[{"href":"https:\/\/www.visionweb.com.ar\/index.php?rest_route=\/wp\/v2\/posts"}],"about":[{"href":"https:\/\/www.visionweb.com.ar\/index.php?rest_route=\/wp\/v2\/types\/post"}],"author":[{"embeddable":true,"href":"https:\/\/www.visionweb.com.ar\/index.php?rest_route=\/wp\/v2\/users\/3"}],"replies":[{"embeddable":true,"href":"https:\/\/www.visionweb.com.ar\/index.php?rest_route=%2Fwp%2Fv2%2Fcomments&post=12512"}],"version-history":[{"count":3,"href":"https:\/\/www.visionweb.com.ar\/index.php?rest_route=\/wp\/v2\/posts\/12512\/revisions"}],"predecessor-version":[{"id":12519,"href":"https:\/\/www.visionweb.com.ar\/index.php?rest_route=\/wp\/v2\/posts\/12512\/revisions\/12519"}],"wp:featuredmedia":[{"embeddable":true,"href":"https:\/\/www.visionweb.com.ar\/index.php?rest_route=\/wp\/v2\/media\/12514"}],"wp:attachment":[{"href":"https:\/\/www.visionweb.com.ar\/index.php?rest_route=%2Fwp%2Fv2%2Fmedia&parent=12512"}],"wp:term":[{"taxonomy":"category","embeddable":true,"href":"https:\/\/www.visionweb.com.ar\/index.php?rest_route=%2Fwp%2Fv2%2Fcategories&post=12512"},{"taxonomy":"post_tag","embeddable":true,"href":"https:\/\/www.visionweb.com.ar\/index.php?rest_route=%2Fwp%2Fv2%2Ftags&post=12512"}],"curies":[{"name":"wp","href":"https:\/\/api.w.org\/{rel}","templated":true}]}}