{"id":12508,"date":"2023-11-13T08:59:44","date_gmt":"2023-11-13T11:59:44","guid":{"rendered":"https:\/\/www.visionweb.com.ar\/?p=12508"},"modified":"2023-11-13T08:59:44","modified_gmt":"2023-11-13T11:59:44","slug":"pami-hoy-cerrado-por-asueto-administrativo-por-el-dia-de-los-trabajadores","status":"publish","type":"post","link":"https:\/\/www.visionweb.com.ar\/?p=12508","title":{"rendered":"PAMI: Hoy cerrado por asueto administrativo por el d\u00eda de los trabajadores"},"content":{"rendered":"<p><em><strong>Sin atenci\u00f3n al p\u00fablico en todo el pa\u00eds por el festejo. A partir de ma\u00f1ana se reanudar\u00e1 el servicio con normalidad.<\/strong><\/em><!--more--><\/p>\n<p><img loading=\"lazy\" decoding=\"async\" class=\"size-medium wp-image-12509 alignright\" src=\"https:\/\/www.visionweb.com.ar\/wp-content\/uploads\/2023\/11\/Pami-asueto-300x271.png\" alt=\"\" width=\"300\" height=\"271\" srcset=\"https:\/\/www.visionweb.com.ar\/wp-content\/uploads\/2023\/11\/Pami-asueto-300x271.png 300w, https:\/\/www.visionweb.com.ar\/wp-content\/uploads\/2023\/11\/Pami-asueto.png 436w\" sizes=\"auto, (max-width: 300px) 100vw, 300px\" \/>\u00a0 \u00a0<strong>E<\/strong>l Programa de Atenci\u00f3n M\u00e9dica Integral (PAMI) confirm\u00f3 que este <strong>lunes 13 de noviembre sus oficinas permanecer\u00e1n cerradas,<\/strong>\u00a0por lo cual no habr\u00e1 atenci\u00f3n al p\u00fablico.<\/p>\n<p>La obra social comunic\u00f3 que este lunes sus agencias y Unidades de Gesti\u00f3n Local (UGL) estar\u00e1n cerradas debido a un\u00a0<strong>asueto administrativo por el d\u00eda de los trabajadores del PAMI<\/strong>.<\/p>\n<p>Adem\u00e1s, aclar\u00f3 que no se otorgaron turnos para esa fecha y\u00a0<strong>la atenci\u00f3n se reanudar\u00e1 con normalidad el martes 14.<\/strong><\/p>\n<p>No obstante, s\u00ed\u00a0<strong>se podr\u00e1n realizar consultas y tr\u00e1mites online a trav\u00e9s de la\u00a0<\/strong><strong><a href=\"https:\/\/www.pami.org.ar\/\">p\u00e1gina web<\/a><\/strong><strong>\u00a0o por WhatsApp<\/strong>, a pesar de que las delegaciones de PAMI permanecer\u00e1n cerradas por el asueto administrativo.<\/p>\n<p>Los canales de comunicaci\u00f3n disponibles son: Por una emergencia,\u00a0<strong>llamar al 139 (CABA y GBA)<\/strong>\u00a0o al tel\u00e9fono de tu localidad; para consultas, llamar al 138 o escribir al\u00a0<strong>WhatsApp PAMI: 1143703138<\/strong>; para tr\u00e1mites web, ingresar a la p\u00e1gina oficial de PAMI. <strong>(VW)<\/strong><\/p>\n<p>&nbsp;<\/p>\n","protected":false},"excerpt":{"rendered":"<p>Sin atenci\u00f3n al p\u00fablico en todo el pa\u00eds por el festejo. A partir de ma\u00f1ana se reanudar\u00e1 el servicio con normalidad.<\/p>\n","protected":false},"author":4,"featured_media":12509,"comment_status":"closed","ping_status":"closed","sticky":false,"template":"","format":"standard","meta":{"_monsterinsights_skip_tracking":false,"_monsterinsights_sitenote_active":false,"_monsterinsights_sitenote_note":"","_monsterinsights_sitenote_category":0,"footnotes":""},"categories":[8,5],"tags":[3600,5216,2929],"class_list":["post-12508","post","type-post","status-publish","format-standard","has-post-thumbnail","hentry","category-interes-general","category-sociedad","tag-asueto-administrativo","tag-cerrado-por-el-dia-del-trabajador","tag-pami"],"_links":{"self":[{"href":"https:\/\/www.visionweb.com.ar\/index.php?rest_route=\/wp\/v2\/posts\/12508","targetHints":{"allow":["GET"]}}],"collection":[{"href":"https:\/\/www.visionweb.com.ar\/index.php?rest_route=\/wp\/v2\/posts"}],"about":[{"href":"https:\/\/www.visionweb.com.ar\/index.php?rest_route=\/wp\/v2\/types\/post"}],"author":[{"embeddable":true,"href":"https:\/\/www.visionweb.com.ar\/index.php?rest_route=\/wp\/v2\/users\/4"}],"replies":[{"embeddable":true,"href":"https:\/\/www.visionweb.com.ar\/index.php?rest_route=%2Fwp%2Fv2%2Fcomments&post=12508"}],"version-history":[{"count":1,"href":"https:\/\/www.visionweb.com.ar\/index.php?rest_route=\/wp\/v2\/posts\/12508\/revisions"}],"predecessor-version":[{"id":12510,"href":"https:\/\/www.visionweb.com.ar\/index.php?rest_route=\/wp\/v2\/posts\/12508\/revisions\/12510"}],"wp:featuredmedia":[{"embeddable":true,"href":"https:\/\/www.visionweb.com.ar\/index.php?rest_route=\/wp\/v2\/media\/12509"}],"wp:attachment":[{"href":"https:\/\/www.visionweb.com.ar\/index.php?rest_route=%2Fwp%2Fv2%2Fmedia&parent=12508"}],"wp:term":[{"taxonomy":"category","embeddable":true,"href":"https:\/\/www.visionweb.com.ar\/index.php?rest_route=%2Fwp%2Fv2%2Fcategories&post=12508"},{"taxonomy":"post_tag","embeddable":true,"href":"https:\/\/www.visionweb.com.ar\/index.php?rest_route=%2Fwp%2Fv2%2Ftags&post=12508"}],"curies":[{"name":"wp","href":"https:\/\/api.w.org\/{rel}","templated":true}]}}