{"id":12506,"date":"2023-11-10T11:07:49","date_gmt":"2023-11-10T14:07:49","guid":{"rendered":"https:\/\/www.visionweb.com.ar\/?p=12506"},"modified":"2023-11-10T11:07:49","modified_gmt":"2023-11-10T14:07:49","slug":"la-inflacion-semanal-fue-del-23-en-los-primeros-dias-de-noviembre","status":"publish","type":"post","link":"https:\/\/www.visionweb.com.ar\/?p=12506","title":{"rendered":"La inflaci\u00f3n semanal fue del 2,3% en los primeros d\u00edas de noviembre"},"content":{"rendered":"<p><em><strong>Son datos que mide Econom\u00eda. <\/strong><strong>Hubo subas mayores al promedio del 2,3%, en Alimentos y bebidas de almac\u00e9n\u00a0 que fue del 2,4%, Frutas con 2,4%, Carnes 3,8%, y Regulados con 4,1%. El Indec se conocer\u00e1 el pr\u00f3ximo lunes.<\/strong><\/em><!--more--><\/p>\n<p><strong><img loading=\"lazy\" decoding=\"async\" class=\"size-medium wp-image-1178 alignright\" src=\"https:\/\/www.visionweb.com.ar\/wp-content\/uploads\/2021\/03\/PRECIOS-MAORISTAS-300x200.png\" alt=\"\" width=\"300\" height=\"200\" srcset=\"https:\/\/www.visionweb.com.ar\/wp-content\/uploads\/2021\/03\/PRECIOS-MAORISTAS-300x200.png 300w, https:\/\/www.visionweb.com.ar\/wp-content\/uploads\/2021\/03\/PRECIOS-MAORISTAS.png 725w\" sizes=\"auto, (max-width: 300px) 100vw, 300px\" \/>\u00a0\u00a0 L<\/strong>a\u00a0<strong>inflaci\u00f3n semanal<\/strong>\u00a0que mide el Ministerio de Econom\u00eda aceler\u00f3 al 2,3% entre el 30\/10\/2023 al 5\/11\/2023, frente al 2,2% que hab\u00eda marcado en las tres semanas previas.<\/p>\n<p>Pese a que el avance de los precios fue mayor a lo esperado, la inflaci\u00f3n de cuatro semanas que grafica este indicador, desaceler\u00f3 levemente del 9,3% al 9,2 por ciento.<\/p>\n<p>El relevamiento que lleva a cabo la Secretar\u00eda de Pol\u00edtica Econ\u00f3mica (SPE), a cargo de\u00a0<strong>Gabriel Rubinstein<\/strong>, muestra que el ritmo de avance del nivel general de precios no logra perforar un nuevo piso, aunque se mantiene alto en noviembre.<\/p>\n<p>\u201cDe acuerdo al relevamiento semanal que realiza esta Secretar\u00eda, en la semana que va del 30\/10\/2023 al 5\/11\/2023,\u00a0<strong>los precios a nivel minorista habr\u00edan subido un 2,3%<\/strong>\u201d, consign\u00f3 el reporte.<\/p>\n<p>\u201cEn el relevamiento semanal, se destacan por subas mayores al promedio (2,3%) Alimentos y bebidas de almac\u00e9n (2,4%), Frutas (2,4%), Carnes (3,8%) y Regulados (4,1%). En cambio, subieron por debajo del promedio Indumentaria (1,7%) y Verduras (0,6%)\u201d, agreg\u00f3 el relevamiento oficial.<\/p>\n<p>\u201cEn la suba semanal del 2,3%, influy\u00f3 los aumentos acordados en muchos rubros del programa de Precios Justos, que en lugar del d\u00eda 15 del mes tuvieron lugar el d\u00eda 1 del mes. Tambi\u00e9n impactaron actualizaciones en los precios de rubros regulados (que suelen realizarse durante la primera semana del mes), como ser entre otros, combustibles, prepagas, telecomunicaciones, y servicios p\u00fablicos regulados en algunas ciudades del interior del pa\u00eds\u201d, consign\u00f3 el informe.<\/p>\n<p>En forma m\u00e1s general, hay que considerar asimismo los efectos que se han venido experimentando por suba de insumos y bienes exportables, a partir de la posibilidad de liquidar una parte de las ventas externas (30%) en el mercado del contado con liquidaci\u00f3n\u201d, concluy\u00f3.<\/p>\n<p>Cabe recordar, que cada viernes, desde agosto pasado, la SPE publica su reporte de inflaci\u00f3n mensual. La herramienta -un \u00edndice de inflaci\u00f3n de \u201calta frecuencia\u201d busca identificar tendencias de corto plazo y graficar la sensibilidad de los precios en momentos puntuales. <strong>No reemplaza al \u00cdndice de Precios al Consumidor<\/strong> (IPC) del Indec ni busca predecirlo. <strong>(VW)<\/strong><\/p>\n","protected":false},"excerpt":{"rendered":"<p>Son datos que mide Econom\u00eda. Hubo subas mayores al promedio del 2,3%, en Alimentos y bebidas de almac\u00e9n\u00a0 que fue del 2,4%, Frutas con 2,4%, Carnes 3,8%, y Regulados con 4,1%. El Indec se&#46;&#46;&#46;<\/p>\n","protected":false},"author":4,"featured_media":1178,"comment_status":"closed","ping_status":"closed","sticky":false,"template":"","format":"standard","meta":{"_monsterinsights_skip_tracking":false,"_monsterinsights_sitenote_active":false,"_monsterinsights_sitenote_note":"","_monsterinsights_sitenote_category":0,"footnotes":""},"categories":[6],"tags":[5214,5215],"class_list":["post-12506","post","type-post","status-publish","format-standard","has-post-thumbnail","hentry","category-economia","tag-indice-de-precios-semanal","tag-indice-rubinstein-al-5-de-noviembre"],"_links":{"self":[{"href":"https:\/\/www.visionweb.com.ar\/index.php?rest_route=\/wp\/v2\/posts\/12506","targetHints":{"allow":["GET"]}}],"collection":[{"href":"https:\/\/www.visionweb.com.ar\/index.php?rest_route=\/wp\/v2\/posts"}],"about":[{"href":"https:\/\/www.visionweb.com.ar\/index.php?rest_route=\/wp\/v2\/types\/post"}],"author":[{"embeddable":true,"href":"https:\/\/www.visionweb.com.ar\/index.php?rest_route=\/wp\/v2\/users\/4"}],"replies":[{"embeddable":true,"href":"https:\/\/www.visionweb.com.ar\/index.php?rest_route=%2Fwp%2Fv2%2Fcomments&post=12506"}],"version-history":[{"count":1,"href":"https:\/\/www.visionweb.com.ar\/index.php?rest_route=\/wp\/v2\/posts\/12506\/revisions"}],"predecessor-version":[{"id":12507,"href":"https:\/\/www.visionweb.com.ar\/index.php?rest_route=\/wp\/v2\/posts\/12506\/revisions\/12507"}],"wp:featuredmedia":[{"embeddable":true,"href":"https:\/\/www.visionweb.com.ar\/index.php?rest_route=\/wp\/v2\/media\/1178"}],"wp:attachment":[{"href":"https:\/\/www.visionweb.com.ar\/index.php?rest_route=%2Fwp%2Fv2%2Fmedia&parent=12506"}],"wp:term":[{"taxonomy":"category","embeddable":true,"href":"https:\/\/www.visionweb.com.ar\/index.php?rest_route=%2Fwp%2Fv2%2Fcategories&post=12506"},{"taxonomy":"post_tag","embeddable":true,"href":"https:\/\/www.visionweb.com.ar\/index.php?rest_route=%2Fwp%2Fv2%2Ftags&post=12506"}],"curies":[{"name":"wp","href":"https:\/\/api.w.org\/{rel}","templated":true}]}}