{"id":12503,"date":"2023-11-10T10:51:34","date_gmt":"2023-11-10T13:51:34","guid":{"rendered":"https:\/\/www.visionweb.com.ar\/?p=12503"},"modified":"2023-11-10T10:51:34","modified_gmt":"2023-11-10T13:51:34","slug":"paritarias-bonaerenses-los-judiciales-tambien-rechazaron-la-oferta","status":"publish","type":"post","link":"https:\/\/www.visionweb.com.ar\/?p=12503","title":{"rendered":"Paritarias bonaerenses: Los judiciales tambi\u00e9n rechazaron la oferta"},"content":{"rendered":"<p><em><strong>Sigue la negociaci\u00f3n: La Asociaci\u00f3n Judicial Bonaerense rechaz\u00f3 la oferta de aumento salarial del 15%, presentada por Provincia. El lunes se conocer\u00e1 el Indec de octubre.<\/strong><\/em><!--more--><\/p>\n<p><strong><img loading=\"lazy\" decoding=\"async\" class=\"size-medium wp-image-12504 alignright\" src=\"https:\/\/www.visionweb.com.ar\/wp-content\/uploads\/2023\/11\/judiciales-300x169.png\" alt=\"\" width=\"300\" height=\"169\" srcset=\"https:\/\/www.visionweb.com.ar\/wp-content\/uploads\/2023\/11\/judiciales-300x169.png 300w, https:\/\/www.visionweb.com.ar\/wp-content\/uploads\/2023\/11\/judiciales.png 549w\" sizes=\"auto, (max-width: 300px) 100vw, 300px\" \/>\u00a0\u00a0\u00a0 L<\/strong>a\u00a0<strong>provincia de Buenos Aires<\/strong>\u00a0termin\u00f3 la primera ronda de reuniones\u00a0<strong>paritarias<\/strong>\u00a0luego de lo que hab\u00edan sido las<strong>\u00a0mejoras salariales<\/strong>\u00a0implementadas en septiembre, y<strong> la Asociaci\u00f3n Judicial Bonaerense (AJB)<\/strong> rechazar\u00f3 la oferta presentada por el\u00a0<strong>Ministerio de Trabajo, <\/strong>al igual que los gremios docentes y estatales, las negociaciones pasaron a un\u00a0<strong>cuarto intermedio<\/strong>.<\/p>\n<p>La <strong>AJB<\/strong>\u00a0 inform\u00f3 ayer luego de la reuni\u00f3n que rechazaron la propuesta \u00abpor considerarla insuficiente\u00bb. \u00ab<strong>No logra ubicar los salarios de las y los trabajadores judiciales por encima de la inflaci\u00f3n acumulada al mes en curso<\/strong>\u00ab, argumentaron.<\/p>\n<p>El sindicato que conduce\u00a0<strong>Hugo Russo<\/strong>\u00a0pidi\u00f3 tambi\u00e9n \u00abuna instancia de monitoreo permanente\u00bb y que \u00abse avance en la concreci\u00f3n de los restantes temas que son parte de la agenda paritaria de nuestro sector\u00bb.<\/p>\n<p>A la vez, cabe destacar que el lunes pr\u00f3ximo se conocer\u00e1 un dato clave para el futuro de la conversaci\u00f3n: el \u00cdndice de Precios al Consumidor (IPC) del\u00a0<strong>INDEC<\/strong>, es decir, la<strong>\u00a0inflaci\u00f3n\u00a0<\/strong>de octubre.<\/p>\n<p>El porcentaje se difundir\u00e7a el lunes por la tarde y le servir\u00e1, tanto a los gremios, como al gobierno de<strong>\u00a0Axel Kicillof<\/strong>, para determinar cu\u00e1nto deber\u00edan variar los sueldos para no perder poder adquisitivo. Hasta ahora,\u00a0<strong>la Provincia viene ofreciendo un aumento del 15 por ciento a noviembre con una revisi\u00f3n en diciembre<\/strong>.<\/p>\n<p><strong>La inflaci\u00f3n acumulada hasta septiembre fue de 103,2 % mientras que el aumento salarial acordado en las paritarias fue del 95%<\/strong>.<\/p>\n<p>Esto significa que los 15 puntos de suba ofrecidos por la Provincia alcanzan para superar el aumento de los precios. El problema es que el dato que publique el INDEC el pr\u00f3ximo lunes podr\u00eda dejarlo nuevamente por detr\u00e1s.<\/p>\n<p>La cartera laboral conoce este panorama y por eso decidi\u00f3\u00a0<strong>pasar la negociaci\u00f3n con los tres sectores a un cuarto intermedio<\/strong>. Desde la AJB informaron ayer que \u00ab<strong>se comprometi\u00f3 a concretar una nueva convocatoria lo antes posible<\/strong>\u00ab. <strong>(VW)<\/strong><\/p>\n<p>&nbsp;<\/p>\n","protected":false},"excerpt":{"rendered":"<p>Sigue la negociaci\u00f3n: La Asociaci\u00f3n Judicial Bonaerense rechaz\u00f3 la oferta de aumento salarial del 15%, presentada por Provincia. El lunes se conocer\u00e1 el Indec de octubre.<\/p>\n","protected":false},"author":4,"featured_media":12504,"comment_status":"closed","ping_status":"closed","sticky":false,"template":"","format":"standard","meta":{"_monsterinsights_skip_tracking":false,"_monsterinsights_sitenote_active":false,"_monsterinsights_sitenote_note":"","_monsterinsights_sitenote_category":0,"footnotes":""},"categories":[6,4],"tags":[5213,5212],"class_list":["post-12503","post","type-post","status-publish","format-standard","has-post-thumbnail","hentry","category-economia","category-politica","tag-asociacion-judicial-bonaerense","tag-paritarias-judiciales"],"_links":{"self":[{"href":"https:\/\/www.visionweb.com.ar\/index.php?rest_route=\/wp\/v2\/posts\/12503","targetHints":{"allow":["GET"]}}],"collection":[{"href":"https:\/\/www.visionweb.com.ar\/index.php?rest_route=\/wp\/v2\/posts"}],"about":[{"href":"https:\/\/www.visionweb.com.ar\/index.php?rest_route=\/wp\/v2\/types\/post"}],"author":[{"embeddable":true,"href":"https:\/\/www.visionweb.com.ar\/index.php?rest_route=\/wp\/v2\/users\/4"}],"replies":[{"embeddable":true,"href":"https:\/\/www.visionweb.com.ar\/index.php?rest_route=%2Fwp%2Fv2%2Fcomments&post=12503"}],"version-history":[{"count":1,"href":"https:\/\/www.visionweb.com.ar\/index.php?rest_route=\/wp\/v2\/posts\/12503\/revisions"}],"predecessor-version":[{"id":12505,"href":"https:\/\/www.visionweb.com.ar\/index.php?rest_route=\/wp\/v2\/posts\/12503\/revisions\/12505"}],"wp:featuredmedia":[{"embeddable":true,"href":"https:\/\/www.visionweb.com.ar\/index.php?rest_route=\/wp\/v2\/media\/12504"}],"wp:attachment":[{"href":"https:\/\/www.visionweb.com.ar\/index.php?rest_route=%2Fwp%2Fv2%2Fmedia&parent=12503"}],"wp:term":[{"taxonomy":"category","embeddable":true,"href":"https:\/\/www.visionweb.com.ar\/index.php?rest_route=%2Fwp%2Fv2%2Fcategories&post=12503"},{"taxonomy":"post_tag","embeddable":true,"href":"https:\/\/www.visionweb.com.ar\/index.php?rest_route=%2Fwp%2Fv2%2Ftags&post=12503"}],"curies":[{"name":"wp","href":"https:\/\/api.w.org\/{rel}","templated":true}]}}