{"id":12500,"date":"2023-11-10T10:32:28","date_gmt":"2023-11-10T13:32:28","guid":{"rendered":"https:\/\/www.visionweb.com.ar\/?p=12500"},"modified":"2023-11-10T10:32:28","modified_gmt":"2023-11-10T13:32:28","slug":"celebraciones-por-el-dia-de-la-tradicion-en-la-provincia","status":"publish","type":"post","link":"https:\/\/www.visionweb.com.ar\/?p=12500","title":{"rendered":"Celebraciones por el D\u00eda de la Tradici\u00f3n en la Provincia"},"content":{"rendered":"<p><em><strong>Cada 10 de noviembre se conmemora el D\u00eda de la Tradici\u00f3n en Argentina. Se estableci\u00f3 en homenaje al escritor Jos\u00e9 Hern\u00e1ndez, autor del Mart\u00edn Fierro, una de las obras cumbres de la literatura gauchesca.\u00a0Habr\u00e1 muchas actividades durante el fin de semana.<\/strong><\/em><!--more--><\/p>\n<p><strong><img loading=\"lazy\" decoding=\"async\" class=\"size-medium wp-image-12501 alignright\" src=\"https:\/\/www.visionweb.com.ar\/wp-content\/uploads\/2023\/11\/museo-san-martin-300x293.png\" alt=\"\" width=\"300\" height=\"293\" srcset=\"https:\/\/www.visionweb.com.ar\/wp-content\/uploads\/2023\/11\/museo-san-martin-300x293.png 300w, https:\/\/www.visionweb.com.ar\/wp-content\/uploads\/2023\/11\/museo-san-martin.png 360w\" sizes=\"auto, (max-width: 300px) 100vw, 300px\" \/>\u00a0\u00a0 E<\/strong>ste viernes 10 de noviembre, se celebra en todo el pa\u00eds el D\u00eda de la Tradici\u00f3n, con el objetivo de rendir homenaje\u00a0<strong>Jos\u00e9 Hern\u00e1ndez<\/strong>, autor de\u00a0<strong>\u00abEl Gaucho Mart\u00edn Fierro\u00bb<\/strong>, m\u00edtica obra de la literatura gauchesca, y la provincia de Buenos Aires contar\u00e1 con diversas fiestas que se centraran en rememorar nuestras ra\u00edces.<\/p>\n<p>La fecha se hizo oficial en 1939, cuando el congreso aprob\u00f3 la Ley N\u00b0 4756. En este nuevoaniversario<strong>, San Antonio de Areco, San Mart\u00edn y Berisso festejar\u00e1n a pleno.<\/strong><\/p>\n<p><strong>Festival Mart\u00edn Fierro en General San Mart\u00edn:<\/strong><\/p>\n<p>Desde este\u00a0viernes 10 al domingo 12 de noviembre, la celebraci\u00f3n que rinde homenaje al cl\u00e1sico de la literatura gauchesca, en la que se podr\u00e1 disfrutar de espect\u00e1culos art\u00edsticos y participar de concursos con importantes premios.<\/p>\n<p>Las tres jornadas se desarrollar\u00e1n en <strong>el\u00a0Museo Hist\u00f3rico Jos\u00e9 Hern\u00e1ndez<\/strong> &#8211; Chacra Pueyrred\u00f3n, ubicado en Presb\u00edtero Carballo 5042, localidad de Villa Ballester, sitio <strong>donde naci\u00f3 el autor de \u00abEl Gaucho Mart\u00edn Fierro<\/strong>\u00ab.<\/p>\n<p>En 1832 el terreno de la chacra fue adquirido por el matrimonio de Mariano y Victoria Pueyrred\u00f3n, t\u00edos maternos de Jos\u00e9 Hern\u00e1ndez, quien naci\u00f3 en una de las habitaciones de la casa el 10 de noviembre de 1834.<\/p>\n<p>Durante el festival los vecinos y visitantes podr\u00e1n participar de distintas jornadas de capacitaci\u00f3n brindadas por reconocidos especialistas. Tambi\u00e9n habr\u00e1 concursos para fomentar un abordaje novedoso de la obra Mart\u00edn Fierro, a trav\u00e9s de diferentes expresiones art\u00edsticas. Las convocatorias abarcan diversas disciplinas tales como Literatura, Artes pl\u00e1sticas y Fotograf\u00eda, entre otras. Los ganadores obtendr\u00e1n diferentes premios como viajes, vouchers para la compra libros y una suma de 650 mil pesos.<\/p>\n<p>Tampoco faltar\u00e1n los espect\u00e1culos de primer nivel. El s\u00e1bado 11, a las 19 horas, se presentar\u00e1 Don Olimpio, mientras que el <strong>domingo 12, desde las 19, Roxana Carabajal<\/strong> cerrar\u00e1 la jornada. Adem\u00e1s, el domingo tocar\u00e1n Los Yungas y Clave Santiague\u00f1a.<\/p>\n<p><strong>Por su parte,<\/strong>\u00a0<strong>San Antonio de Areco\u00a0<\/strong>se prepara para vivir una de las celebraciones m\u00e1s importantes del partido: la\u00a0<strong>84\u00b0 Fiesta Nacional de la Tradici\u00f3n.<\/strong><\/p>\n<p>A lo largo de estos tres d\u00edas, los vecinos y turistas podr\u00e1n disfrutar de m\u00fasico en vivo, bailes tradicionales, comidas t\u00edpicas y el desfile en la Plaza Ruiz de Arellano y varias actividades en el Parque Criollo. El evento tiene una entrada de $3.000 por d\u00eda y de $5.000 para las tres jornadas.<\/p>\n<p>Se desarrollar\u00e1 la 49\u00b0 Exposici\u00f3n de Artesan\u00eda Arequera, habr\u00e1 un homenaje a Jos\u00e9 Hern\u00e1ndez en el Monolito en el Puente Viejo, el s\u00e1bado ser\u00e1 el Baile de campo con m\u00fasica en vivo a las 20, en el Museo Gauchesco Ricardo G\u00fciraldes, y el domingo 12 a las 10 hs. Se desarrollar\u00e1 el esperado Desfile de la Tradici\u00f3n en la Plaza Arellano.<\/p>\n<p><strong>\u00a0Fiesta del Provinciano en Berisso:<\/strong><\/p>\n<p>La ciudad de\u00a0<strong>Berisso\u00a0<\/strong>tambi\u00e9n tendr\u00e1 su celebraci\u00f3n tradicional con la vig\u00e9sima edici\u00f3n de la\u00a0<strong>Fiesta del Provinciano<\/strong>, que comenz\u00f3 el pasado 3 de noviembre y se extender\u00e1 hasta domingo 12.<\/p>\n<p>Las Fiesta del Provinciano, es un evento organizado por el Municipio de Berisso, a trav\u00e9s de la Direcci\u00f3n de Cultura y los diferentes Centros Provincianos. Pretende celebrar la identidad cultural de cada provincia.<\/p>\n<p>Durante este fin de semana, desde las 18 horas, el p\u00fablico podr\u00e1 disfrutar los shows de m\u00fasicos en vivo, bailarines de distintos ballets y agrupaciones. Tambi\u00e9n se podr\u00e1 recorrer un patio gastron\u00f3mico y de artesanos. La cita ser\u00e1 en el Play\u00f3n Municipal, situado en calle Montevideo y 11, con entrada libre y gratuita.<\/p>\n<p>Por su parte, en el domingo 12, previo a la noche de cierre, se vivir\u00e1 una tarde de desfile tradicionalista a partir de las 15 horas. En ese mismo domingo se recordar\u00e1 a los santos y patronos. <strong>(VW)<\/strong><\/p>\n<p>&nbsp;<\/p>\n","protected":false},"excerpt":{"rendered":"<p>Cada 10 de noviembre se conmemora el D\u00eda de la Tradici\u00f3n en Argentina. Se estableci\u00f3 en homenaje al escritor Jos\u00e9 Hern\u00e1ndez, autor del Mart\u00edn Fierro, una de las obras cumbres de la literatura gauchesca.\u00a0Habr\u00e1&#46;&#46;&#46;<\/p>\n","protected":false},"author":4,"featured_media":12501,"comment_status":"closed","ping_status":"closed","sticky":false,"template":"","format":"standard","meta":{"_monsterinsights_skip_tracking":false,"_monsterinsights_sitenote_active":false,"_monsterinsights_sitenote_note":"","_monsterinsights_sitenote_category":0,"footnotes":""},"categories":[8],"tags":[3396,3319,5211],"class_list":["post-12500","post","type-post","status-publish","format-standard","has-post-thumbnail","hentry","category-interes-general","tag-dia-de-la-tradicion","tag-festejos","tag-museo-historico-jose-hernandez"],"_links":{"self":[{"href":"https:\/\/www.visionweb.com.ar\/index.php?rest_route=\/wp\/v2\/posts\/12500","targetHints":{"allow":["GET"]}}],"collection":[{"href":"https:\/\/www.visionweb.com.ar\/index.php?rest_route=\/wp\/v2\/posts"}],"about":[{"href":"https:\/\/www.visionweb.com.ar\/index.php?rest_route=\/wp\/v2\/types\/post"}],"author":[{"embeddable":true,"href":"https:\/\/www.visionweb.com.ar\/index.php?rest_route=\/wp\/v2\/users\/4"}],"replies":[{"embeddable":true,"href":"https:\/\/www.visionweb.com.ar\/index.php?rest_route=%2Fwp%2Fv2%2Fcomments&post=12500"}],"version-history":[{"count":1,"href":"https:\/\/www.visionweb.com.ar\/index.php?rest_route=\/wp\/v2\/posts\/12500\/revisions"}],"predecessor-version":[{"id":12502,"href":"https:\/\/www.visionweb.com.ar\/index.php?rest_route=\/wp\/v2\/posts\/12500\/revisions\/12502"}],"wp:featuredmedia":[{"embeddable":true,"href":"https:\/\/www.visionweb.com.ar\/index.php?rest_route=\/wp\/v2\/media\/12501"}],"wp:attachment":[{"href":"https:\/\/www.visionweb.com.ar\/index.php?rest_route=%2Fwp%2Fv2%2Fmedia&parent=12500"}],"wp:term":[{"taxonomy":"category","embeddable":true,"href":"https:\/\/www.visionweb.com.ar\/index.php?rest_route=%2Fwp%2Fv2%2Fcategories&post=12500"},{"taxonomy":"post_tag","embeddable":true,"href":"https:\/\/www.visionweb.com.ar\/index.php?rest_route=%2Fwp%2Fv2%2Ftags&post=12500"}],"curies":[{"name":"wp","href":"https:\/\/api.w.org\/{rel}","templated":true}]}}