{"id":12495,"date":"2023-11-10T08:55:09","date_gmt":"2023-11-10T11:55:09","guid":{"rendered":"https:\/\/www.visionweb.com.ar\/?p=12495"},"modified":"2023-11-09T18:05:59","modified_gmt":"2023-11-09T21:05:59","slug":"realizaron-un-certamen-para-premiar-cuentos-sobre-la-identidad","status":"publish","type":"post","link":"https:\/\/www.visionweb.com.ar\/?p=12495","title":{"rendered":"Realizaron un certamen para premiar cuentos sobre la identidad"},"content":{"rendered":"<p><strong><em>Fue en el marco del Mes de la Identidad. El Club Temperley realiz\u00f3 un certamen literario para ejercitar la memoria. La lomense Susana Bianchi gan\u00f3 con su cuento \u201cLas fotos y los espejos.<\/em><\/strong><!--more--><\/p>\n<p><strong><em><img loading=\"lazy\" decoding=\"async\" class=\"size-medium wp-image-12496 alignright\" src=\"https:\/\/www.visionweb.com.ar\/wp-content\/uploads\/2023\/11\/CONCURSO-DE-CUENTOS-300x267.png\" alt=\"\" width=\"300\" height=\"267\" srcset=\"https:\/\/www.visionweb.com.ar\/wp-content\/uploads\/2023\/11\/CONCURSO-DE-CUENTOS-300x267.png 300w, https:\/\/www.visionweb.com.ar\/wp-content\/uploads\/2023\/11\/CONCURSO-DE-CUENTOS.png 540w\" sizes=\"auto, (max-width: 300px) 100vw, 300px\" \/>Las fotos y los espejos<\/em><\/strong>, el cuento sobre una mujer que busca su identidad, escrito por Susana Bianchi, fue premiado con el primer puesto por el Certamen Literario organizado por el Club Atl\u00e9tico Temperley.<\/p>\n<p>En octubre, el Mes de la Identidad, el Departamento de Cultura, en conjunto con el Departamento de Derechos Humanos del club, realiz\u00f3 una convocatoria literaria sobre \u201cIdentidad y Memoria\u201d, en la que participaron j\u00f3venes y adultos.<\/p>\n<p>\u201cHubo textos muy testimoniales de gente que en realidad tuvo que vivir un mont\u00f3n de situaciones dram\u00e1ticas con respecto a la apropiaci\u00f3n de hijos o de nietos, y otra gente m\u00e1s joven que no vivi\u00f3 esa \u00e9poca, pero se puso en la piel de las historias que les contaron\u201d, sostuvo uno de los jurados del Certamen y docente, Leandro Alva, en di\u00e1logo con AUNO.<\/p>\n<p>El docente explic\u00f3 que se presentaron textos con \u201cun abanico de cuestiones y de tem\u00e1ticas\u201d y destac\u00f3 que esa heterogeneidad estuvo bien, porque dio cuenta de que \u201cla identidad se puede abordar por muchos lugares\u201d, y \u201cestuvo muy entretenido leer todo\u201d.<\/p>\n<p>Por su parte, Bianchi detall\u00f3 que\u00a0<strong>su historia gira en torno a una mujer que trata de \u201cbuscar su identidad, una persona que siempre crey\u00f3 que sus padres eran los que eran y resulta que no\u201d,<\/strong>\u00a0y que el tema \u201cfue muy movilizante\u201d.<\/p>\n<p>\u201cEn un espejo pod\u00e9s cambiar tu pose, tu forma de verte, en cambio, en la foto queda algo ah\u00ed que no hay vuelta atr\u00e1s\u201d, resalt\u00f3 respecto a la idea detr\u00e1s de su \u201crelato relacionado con la desaparici\u00f3n de personas, una \u00e9poca tan fea\u201d.<\/p>\n<p>Alva indic\u00f3 que \u201cson dos elementos que est\u00e1n muy vinculados con la identidad, porque a trav\u00e9s del espejo y de la foto nos reconocemos\u201d, por lo que consider\u00f3\u00a0<strong>\u201cmuy conmovedor\u201d y estaba \u201cmuy bien escrito\u201d.<\/strong><\/p>\n<p>El jurado estuvo integrado por Alva, el licenciado en periodismo y comunicador, Federico Guerra; la profesora en letras, bibliotecaria e investigadora, Patricia Rodr\u00edguez; y el arquitecto y periodista, Marcelo Gonz\u00e1lez.<\/p>\n<p>Finalmente, el docente destac\u00f3 que \u201ces super importante\u201d este tipo de concursos, \u201cm\u00e1s en momentos donde se ponen en juego algunos discursos negacionistas que son muy peligrosos\u201d.<\/p>\n<p>En la ceremonia de premiaci\u00f3n estuvieron presentes la integrante de Madres de Plaza de Mayo, Carmen Arias; los responsables de los departamentos de Cultura y DD.HH. del club, Jos\u00e9 Piesco y Marcelo Guazzardi respectivamente; la concejal lomense, Victoria L\u00f3pez; y miembros de la agrupaci\u00f3n H.I.J.O.S. de Lomas, mientras que el artista Gabriel Lambuschini finaliz\u00f3 la jornada con un show de tango<strong>(VW)<\/strong>.<\/p>\n","protected":false},"excerpt":{"rendered":"<p>Fue en el marco del Mes de la Identidad. El Club Temperley realiz\u00f3 un certamen literario para ejercitar la memoria. La lomense Susana Bianchi gan\u00f3 con su cuento \u201cLas fotos y los espejos.<\/p>\n","protected":false},"author":3,"featured_media":12496,"comment_status":"closed","ping_status":"closed","sticky":false,"template":"","format":"standard","meta":{"_monsterinsights_skip_tracking":false,"_monsterinsights_sitenote_active":false,"_monsterinsights_sitenote_note":"","_monsterinsights_sitenote_category":0,"footnotes":""},"categories":[7],"tags":[5208,5209,1288,5207],"class_list":["post-12495","post","type-post","status-publish","format-standard","has-post-thumbnail","hentry","category-educacion-y-cultura","tag-cuentos","tag-identidad","tag-premios","tag-temperley"],"_links":{"self":[{"href":"https:\/\/www.visionweb.com.ar\/index.php?rest_route=\/wp\/v2\/posts\/12495","targetHints":{"allow":["GET"]}}],"collection":[{"href":"https:\/\/www.visionweb.com.ar\/index.php?rest_route=\/wp\/v2\/posts"}],"about":[{"href":"https:\/\/www.visionweb.com.ar\/index.php?rest_route=\/wp\/v2\/types\/post"}],"author":[{"embeddable":true,"href":"https:\/\/www.visionweb.com.ar\/index.php?rest_route=\/wp\/v2\/users\/3"}],"replies":[{"embeddable":true,"href":"https:\/\/www.visionweb.com.ar\/index.php?rest_route=%2Fwp%2Fv2%2Fcomments&post=12495"}],"version-history":[{"count":1,"href":"https:\/\/www.visionweb.com.ar\/index.php?rest_route=\/wp\/v2\/posts\/12495\/revisions"}],"predecessor-version":[{"id":12497,"href":"https:\/\/www.visionweb.com.ar\/index.php?rest_route=\/wp\/v2\/posts\/12495\/revisions\/12497"}],"wp:featuredmedia":[{"embeddable":true,"href":"https:\/\/www.visionweb.com.ar\/index.php?rest_route=\/wp\/v2\/media\/12496"}],"wp:attachment":[{"href":"https:\/\/www.visionweb.com.ar\/index.php?rest_route=%2Fwp%2Fv2%2Fmedia&parent=12495"}],"wp:term":[{"taxonomy":"category","embeddable":true,"href":"https:\/\/www.visionweb.com.ar\/index.php?rest_route=%2Fwp%2Fv2%2Fcategories&post=12495"},{"taxonomy":"post_tag","embeddable":true,"href":"https:\/\/www.visionweb.com.ar\/index.php?rest_route=%2Fwp%2Fv2%2Ftags&post=12495"}],"curies":[{"name":"wp","href":"https:\/\/api.w.org\/{rel}","templated":true}]}}