{"id":12488,"date":"2023-11-09T14:29:02","date_gmt":"2023-11-09T17:29:02","guid":{"rendered":"https:\/\/www.visionweb.com.ar\/?p=12488"},"modified":"2023-11-09T14:29:02","modified_gmt":"2023-11-09T17:29:02","slug":"el-gobierno-de-kicillof-y-el-banco-provincia-daran-asistencia-financiera-a-cooperativistas-rurales","status":"publish","type":"post","link":"https:\/\/www.visionweb.com.ar\/?p=12488","title":{"rendered":"El Gobierno de Kicillof y el Banco Provincia dar\u00e1n asistencia financiera a cooperativistas rurales"},"content":{"rendered":"<p><em><strong>A trav\u00e9s de un fideicomiso, la provincia de Buenos Aires desembolsar\u00e1 50 millones de pesos para potenciar cooperativas de servicios y transporte en 8 municipios.<\/strong><\/em><strong>\u00a0<\/strong><!--more--><\/p>\n<p><strong><img loading=\"lazy\" decoding=\"async\" class=\"size-medium wp-image-12489 alignright\" src=\"https:\/\/www.visionweb.com.ar\/wp-content\/uploads\/2023\/11\/cooperativas-provincia-201x300.png\" alt=\"\" width=\"201\" height=\"300\" srcset=\"https:\/\/www.visionweb.com.ar\/wp-content\/uploads\/2023\/11\/cooperativas-provincia-201x300.png 201w, https:\/\/www.visionweb.com.ar\/wp-content\/uploads\/2023\/11\/cooperativas-provincia.png 330w\" sizes=\"auto, (max-width: 201px) 100vw, 201px\" \/>\u00a0 L<\/strong>os titulares de los ministerios de<strong>\u00a0Desarrollo Agrario\u00a0de la\u00a0provincia de Buenos Aires,\u00a0Javier Rodr\u00edguez, y\u00a0Desarrollo de la Comunidad,\u00a0Andr\u00e9s \u201cCuervo\u201d Larroque<\/strong>, junto con el <strong>presidente del\u00a0Banco Provincia,\u00a0Juan Cuattromo, <\/strong>anunciaron el acuerdo<strong>\u00a0Fuerza Solidaria, que brindar\u00e1\u00a0asistencia financiera\u00a0a los\u00a0cooperativistas\u00a0de las\u00a0zonas rurales\u00a0bonaerenses.<\/strong><\/p>\n<p>La medida se hizo oficial ayer, a trav\u00e9s de un acto en el que firmaron el acuerdo de\u00a050 millones de pesos\u00a0que beneficiar\u00e1 a 8 entidades.<\/p>\n<p>Seg\u00fan expresaron los funcionarios de\u00a0Axel Kicillof, el<strong>\u00a0Ministerio de Desarrollo Agrario\u00a0tom\u00f3 la decisi\u00f3n pol\u00edtica de \u201caportar fondos espec\u00edficos a la operatoria propia de\u00a0Fuerza Solidaria\u201d <\/strong>en pos de promover el crecimiento de los 135 municipios de la\u00a0provincia de Buenos Aires\u00a0y lograr un progreso equitativo e integral en las comunas, en especial aquellas radicadas como\u00a0zonas rurales.<\/p>\n<p><strong>\u201cFuerza Solidaria\u00a0parte de la decisi\u00f3n pol\u00edtica de no pensar s\u00f3lo en los grandes centros urbanos o las cabeceras de los distritos, sino tambi\u00e9n en las peque\u00f1as localidades, pueblos del interior y\u00a0zonas rurales\u00a0de la\u00a0provincia de Buenos Aires\u201d, <\/strong>destac\u00f3 el<strong> ministro\u00a0Rodr\u00edguez\u00a0<\/strong>al anunciar la\u00a0asistencia financiera\u00a0para\u00a0cooperativistas\u00a0bonaerenses.<\/p>\n<p>En esa l\u00ednea,<strong> el ministro de\u00a0Desarrollo Agrario\u00a0remarc\u00f3 que el \u201cfinanciamiento a\u00a0cooperativistas\u00a0de\u00a0zonas rurales\u00a0permite reducir distancias y mejorar la conectividad con avances en la electrificaci\u00f3n, en el acceso a internet, en el sistema de agua potable, en definitiva, garantizar mejores condiciones de vida para las y los bonaerenses en la ruralidad\u201d.<\/strong><\/p>\n<p>En ese contexto, el presidente de la entidad bancaria,\u00a0<strong>Juan Cuattromo, <\/strong>destac\u00f3: \u00abEl financiamiento les permitir\u00e1 <strong>realizar obras para mejorar la conectividad, sus redes el\u00e9ctricas, el servicio de red cloacal y construir mejores espacios de trabajo<\/strong>\u00ab, ya que\u00a0<strong>7 de las 8 cooperativas beneficiadas pertenecen al sector servicios y transporte<\/strong>. La octava es la C\u00e1mara de Comercio de Bol\u00edvar.<\/p>\n<p>Seg\u00fan se inform\u00f3 oficialmente, las asociaciones beneficiadas est\u00e1n radicadas en\u00a0<strong>Pergamino<\/strong>,\u00a0<strong>Adolfo Alsina<\/strong>,\u00a0<strong>Coronel Su\u00e1rez<\/strong>,\u00a0<strong>La Plata<\/strong>,\u00a0<strong>La Costa<\/strong>,\u00a0<strong>Saavedra<\/strong>,\u00a0<strong>Pilar<\/strong>\u00a0y\u00a0<strong>Bol\u00edvar<\/strong>.<\/p>\n<p>La asistencia que recibir\u00e1n llegar\u00e1 a trav\u00e9s del\u00a0<strong>fideicomiso Fuerza Solidaria<\/strong>\u00a0que, justamente, tiene como objetivo fomentar los procesos asociativos y solidarios en las\u00a0<strong>zonas rurales\u00a0<\/strong>de la\u00a0<strong>provincia de Buenos Aires<\/strong>, al tiempo que busca facilitar el acceso a l\u00edneas de cr\u00e9dito y esquemas de capacitaci\u00f3n o asistencia t\u00e9cnica para organizaciones sociales o peque\u00f1os emprendedores.<\/p>\n<p>A trav\u00e9s de la firma, de la que tambi\u00e9n particip\u00f3 la\u00a0<strong>Federaci\u00f3n de Cooperativas de Agua Potable y Saneamiento<\/strong>\u00a0(<strong>FEDECAP<\/strong>), se desembolsar\u00e1 la suma de 50 millones de pesos para contribuir al desarrollo de\u00a0<strong>cooperativas<\/strong>\u00a0de las ciudades mencionadas. <strong>(VW)<\/strong><\/p>\n","protected":false},"excerpt":{"rendered":"<p>A trav\u00e9s de un fideicomiso, la provincia de Buenos Aires desembolsar\u00e1 50 millones de pesos para potenciar cooperativas de servicios y transporte en 8 municipios.\u00a0<\/p>\n","protected":false},"author":4,"featured_media":12489,"comment_status":"closed","ping_status":"closed","sticky":false,"template":"","format":"standard","meta":{"_monsterinsights_skip_tracking":false,"_monsterinsights_sitenote_active":false,"_monsterinsights_sitenote_note":"","_monsterinsights_sitenote_category":0,"footnotes":""},"categories":[6,4,5],"tags":[5206,2482,5204,5205,356],"class_list":["post-12488","post","type-post","status-publish","format-standard","has-post-thumbnail","hentry","category-economia","category-politica","category-sociedad","tag-50mil-millones-de-pesos","tag-banco-provincia","tag-financiacion-a-cooperativistas-bonaerenses","tag-larroque","tag-provincia"],"_links":{"self":[{"href":"https:\/\/www.visionweb.com.ar\/index.php?rest_route=\/wp\/v2\/posts\/12488","targetHints":{"allow":["GET"]}}],"collection":[{"href":"https:\/\/www.visionweb.com.ar\/index.php?rest_route=\/wp\/v2\/posts"}],"about":[{"href":"https:\/\/www.visionweb.com.ar\/index.php?rest_route=\/wp\/v2\/types\/post"}],"author":[{"embeddable":true,"href":"https:\/\/www.visionweb.com.ar\/index.php?rest_route=\/wp\/v2\/users\/4"}],"replies":[{"embeddable":true,"href":"https:\/\/www.visionweb.com.ar\/index.php?rest_route=%2Fwp%2Fv2%2Fcomments&post=12488"}],"version-history":[{"count":1,"href":"https:\/\/www.visionweb.com.ar\/index.php?rest_route=\/wp\/v2\/posts\/12488\/revisions"}],"predecessor-version":[{"id":12490,"href":"https:\/\/www.visionweb.com.ar\/index.php?rest_route=\/wp\/v2\/posts\/12488\/revisions\/12490"}],"wp:featuredmedia":[{"embeddable":true,"href":"https:\/\/www.visionweb.com.ar\/index.php?rest_route=\/wp\/v2\/media\/12489"}],"wp:attachment":[{"href":"https:\/\/www.visionweb.com.ar\/index.php?rest_route=%2Fwp%2Fv2%2Fmedia&parent=12488"}],"wp:term":[{"taxonomy":"category","embeddable":true,"href":"https:\/\/www.visionweb.com.ar\/index.php?rest_route=%2Fwp%2Fv2%2Fcategories&post=12488"},{"taxonomy":"post_tag","embeddable":true,"href":"https:\/\/www.visionweb.com.ar\/index.php?rest_route=%2Fwp%2Fv2%2Ftags&post=12488"}],"curies":[{"name":"wp","href":"https:\/\/api.w.org\/{rel}","templated":true}]}}