{"id":12481,"date":"2023-11-09T13:35:58","date_gmt":"2023-11-09T16:35:58","guid":{"rendered":"https:\/\/www.visionweb.com.ar\/?p=12481"},"modified":"2023-11-09T13:37:32","modified_gmt":"2023-11-09T16:37:32","slug":"venta-de-medicamentos-la-provincia-adelanta-pagos-para-destrabar-el-conflicto","status":"publish","type":"post","link":"https:\/\/www.visionweb.com.ar\/?p=12481","title":{"rendered":"Venta de medicamentos: La Provincia adelanta pagos para destrabar el conflicto"},"content":{"rendered":"<p><strong><em>As\u00ed lo anticip\u00f3 el ministro de Salud bonaerense, Nicol\u00e1s Kreplak.<\/em><\/strong><strong> A<em>delantar\u00e1n 800 millones de pesos,<\/em> <em>monto equivalente a la venta de medicamentos de septiembre, para regularizar la situaci\u00f3n.<\/em><\/strong><strong>\u00a0<\/strong><!--more--><\/p>\n<p><strong><img loading=\"lazy\" decoding=\"async\" class=\"size-full wp-image-10643 alignright\" src=\"https:\/\/www.visionweb.com.ar\/wp-content\/uploads\/2023\/05\/farmacias.png\" alt=\"\" width=\"220\" height=\"147\" \/>\u00a0\u00a0 E<\/strong>l<strong> Gobierno bonaerense <\/strong>anunci\u00f3 que adelantar\u00e1 pagos para resolver el<strong> conflicto de las farmacias de la provincia de Buenos Aires, <\/strong>que hab\u00edan comenzado a limitar la venta de medicamentos con descuentos a los afiliados de obras sociales y prepagas por retrasos en los pagos.<\/p>\n<p>En ese sentido, el ministro de Salud bonaerense<strong>, Nicol\u00e1s Kreplak<\/strong>, en su cuenta de la red social X<strong>, <\/strong>describi\u00f3:<strong> \u201cSe realizar\u00e1 el esfuerzo adelantar pagos y regularizar la atenci\u00f3n en farmacias bonaerenses inclusive para afiliados de otras obras sociales y prepagas, haci\u00e9ndose cargo del problema generado por los laboratorios y droguer\u00edas\u201d.<\/strong><\/p>\n<p>A la vez,<strong> Kreplak <\/strong>detall\u00f3 que<strong> \u201ceste adelanto, que destraba la situaci\u00f3n, representa 800 millones de pesos para que las y los vecinos puedan seguir accediendo a los medicamentos sin interrumpir tratamientos, al costo que les corresponde seg\u00fan su cobertura y sin realizar gasto de bolsillo extra\u201d.<\/strong><\/p>\n<p><strong>El Colegio de Farmac\u00e9uticos de la provincia de Buenos Aires y la Confederaci\u00f3n de Farmacias Bonaerenses (Cafabo) <\/strong>hab\u00edan argumentado que la inflaci\u00f3n y la volatilidad de precios complicaban sus ventas con descuento porque<strong> recib\u00edan los pagos entre 60 y 90 d\u00edas m\u00e1s tarde, y, en consecuencia, las farmacias que se hab\u00edan adherido a la medida solo vend\u00edan medicamentos en forma particular.<\/strong><\/p>\n<p>\u201cEsta problem\u00e1tica se gener\u00f3 debido a que las droguer\u00edas cambiaron sorpresivamente las exigencias contractuales de pago a las farmacias, acortando los tiempos de abono de la facturaci\u00f3n y que los laboratorios aumentaron los precios por encima de la inflaci\u00f3n\u201d, explic\u00f3 Kreplak. En este punto, plante\u00f3 que no se puede seguir permitiendo que \u201claboratorios y droguer\u00edas, que son quienes m\u00e1s recursos tienen, sigan perjudicando a farmacias y afiliados\u201d.<\/p>\n<p>En esa l\u00ednea,<strong> Homero Giles, titular de la obra social de los empleados estatales bonaerense, IOMA, afirm\u00f3 en redes sociales: \u201cSolucionamos el conflicto con las farmacias\u201d.<\/strong><\/p>\n<p>Los detalles del acuerdo se terminar\u00e1n de definir en una reuni\u00f3n de trabajo este jueves, mientras que las farmacias como las autoridades gubernamentales\u00a0coincidieron en se\u00f1alar a las droguer\u00edas como los responsables del conflicto.<\/p>\n<p>A la vez, desde la obra social provincial lamentaron que decidieron cambiar \u00absorpresivamente las exigencias contractuales de pago a las farmacias, acortando los tiempos de abono de la facturaci\u00f3n\u00bb y tambi\u00e9n denunciaron que \u00ablos laboratorios aumentaron los precios por encima de la inflaci\u00f3n\u00bb.<\/p>\n<p>Los afiliados de PAMI y de la obra social provincial IOMA, se estima que representan el 70% de las ventas en farmacias de la provincia, y se ven muy afectados por estas restricciones, cuando las farmacias empezaron a restringir la venta de medicamentos con descuento de obras sociales, acci\u00f3n que se suma a la pr\u00e1ctica creciente entre los m\u00e9dicos y t\u00e9cnicos de laboratorio que adicionaron el cobro de un copago para compensar los honorarios que consideran insuficientes.<strong> (VW)<\/strong><\/p>\n","protected":false},"excerpt":{"rendered":"<p>As\u00ed lo anticip\u00f3 el ministro de Salud bonaerense, Nicol\u00e1s Kreplak. Adelantar\u00e1n 800 millones de pesos, monto equivalente a la venta de medicamentos de septiembre, para regularizar la situaci\u00f3n.\u00a0<\/p>\n","protected":false},"author":4,"featured_media":10643,"comment_status":"closed","ping_status":"closed","sticky":false,"template":"","format":"standard","meta":{"_monsterinsights_skip_tracking":false,"_monsterinsights_sitenote_active":false,"_monsterinsights_sitenote_note":"","_monsterinsights_sitenote_category":0,"footnotes":""},"categories":[6,4,5],"tags":[5199,3402,533,5200],"class_list":["post-12481","post","type-post","status-publish","format-standard","has-post-thumbnail","hentry","category-economia","category-politica","category-sociedad","tag-farmacis-bonaerenses","tag-nicolas-kreplak","tag-restricciones","tag-venta-de-medicamentos"],"_links":{"self":[{"href":"https:\/\/www.visionweb.com.ar\/index.php?rest_route=\/wp\/v2\/posts\/12481","targetHints":{"allow":["GET"]}}],"collection":[{"href":"https:\/\/www.visionweb.com.ar\/index.php?rest_route=\/wp\/v2\/posts"}],"about":[{"href":"https:\/\/www.visionweb.com.ar\/index.php?rest_route=\/wp\/v2\/types\/post"}],"author":[{"embeddable":true,"href":"https:\/\/www.visionweb.com.ar\/index.php?rest_route=\/wp\/v2\/users\/4"}],"replies":[{"embeddable":true,"href":"https:\/\/www.visionweb.com.ar\/index.php?rest_route=%2Fwp%2Fv2%2Fcomments&post=12481"}],"version-history":[{"count":3,"href":"https:\/\/www.visionweb.com.ar\/index.php?rest_route=\/wp\/v2\/posts\/12481\/revisions"}],"predecessor-version":[{"id":12484,"href":"https:\/\/www.visionweb.com.ar\/index.php?rest_route=\/wp\/v2\/posts\/12481\/revisions\/12484"}],"wp:featuredmedia":[{"embeddable":true,"href":"https:\/\/www.visionweb.com.ar\/index.php?rest_route=\/wp\/v2\/media\/10643"}],"wp:attachment":[{"href":"https:\/\/www.visionweb.com.ar\/index.php?rest_route=%2Fwp%2Fv2%2Fmedia&parent=12481"}],"wp:term":[{"taxonomy":"category","embeddable":true,"href":"https:\/\/www.visionweb.com.ar\/index.php?rest_route=%2Fwp%2Fv2%2Fcategories&post=12481"},{"taxonomy":"post_tag","embeddable":true,"href":"https:\/\/www.visionweb.com.ar\/index.php?rest_route=%2Fwp%2Fv2%2Ftags&post=12481"}],"curies":[{"name":"wp","href":"https:\/\/api.w.org\/{rel}","templated":true}]}}