{"id":12479,"date":"2023-11-09T13:18:41","date_gmt":"2023-11-09T16:18:41","guid":{"rendered":"https:\/\/www.visionweb.com.ar\/?p=12479"},"modified":"2023-11-09T13:18:41","modified_gmt":"2023-11-09T16:18:41","slug":"elecciones-generales-pinamar-25-de-mayo-y-alvear-seran-gobernados-por-juntos-por-el-cambio","status":"publish","type":"post","link":"https:\/\/www.visionweb.com.ar\/?p=12479","title":{"rendered":"Elecciones generales: Pinamar, 25 de Mayo y Alvear ser\u00e1n gobernados por Juntos por el Cambio"},"content":{"rendered":"<p><strong>\u00a0<\/strong><em><strong>La Junta Electoral Nacional no encontr\u00f3 motivos para abrir las urnas en Pinamar, en 25 de Mayo y \u00a0General Alvear, y confirm\u00f3 el triunfo de Juntos por el Cambio en esos municicpios.<\/strong><\/em><strong>\u00a0<\/strong><!--more--><\/p>\n<p><strong><img loading=\"lazy\" decoding=\"async\" class=\"size-full wp-image-10633 alignright\" src=\"https:\/\/www.visionweb.com.ar\/wp-content\/uploads\/2023\/05\/elecciones.png\" alt=\"\" width=\"240\" height=\"135\" \/>\u00a0\u00a0 A <\/strong>dos semanas de las elecciones, los municipios de Pinamar, de 25 de Mayo y General Alvear ser\u00e1n gobernados por alcaldes de Juntos por el Cambio, luego de que la Justicia electoral decidiera denegar los pedidos de apertura de urnas formulados.<\/p>\n<p>En una <strong>resoluci\u00f3n<\/strong> emitida por la <strong>Junta Electoral Nacional<\/strong> firmada por los magistrados\u00a0Roberto Lemos Arias, Sergio Torres y Alejo Ramos Padilla, el organismo resolvi\u00f3 \u201c<strong>no hacer lugar a los pedidos de apertura de urnas formulados por las agrupaciones Uni\u00f3n por la Patria y Juntos por el Cambio<\/strong>\u201d.<\/p>\n<p>De ese modo, en <strong>Pinamar<\/strong> result\u00f3 ganador de las elecciones <strong>Juan Ibarguren<\/strong>, el candidato de <strong>Juntos por el Cambio<\/strong> sobre Gregorio Stanga, de Uni\u00f3n por la Patria. De esta manera, el Ejecutivo de esa ciudad balnearia seguir\u00e1 en manos de JxC, ya que continuar\u00e1 la l\u00ednea del intendente saliente, el macrista Mart\u00edn Yeza.<\/p>\n<p>Tras el escrutinio provisorio Ibarguren hab\u00eda quedado primero por 20 votos. Ayer la Justicia analiz\u00f3 los votos recurridos y objetados y UxP recuper\u00f3 uno, por lo que Ibarguren triunf\u00f3 por el escaso margen de 19 votos.<\/p>\n<p>Cabe remarcar que Stanga hab\u00eda pedido abrir 15 urnas para aportar claridad al resultado, sobre la base del ejemplo ocurrido en La Plata, donde la Justicia permiti\u00f3 abrir urnas con lo que se confirm\u00f3 el triunfo de Julio Alak, que desplaz\u00f3 de la intendencia as\u00ed a Julio Garro, de Juntos por el Cambio.<\/p>\n<p>En <strong>25 de Mayo<\/strong>, el escrutinio provisorio dio ganador al candidato opositor<strong>, Ramiro Eg\u00fcen, de Juntos por el Cambio<\/strong>, contra el intendente Hern\u00e1n Ralinqueo, de Uni\u00f3n por la Patria, que solicit\u00f3 la revisi\u00f3n de los comicios.<\/p>\n<p>Pero la Junta Electoral analiz\u00f3 las actas de escrutinio de esas mesas sin detectar errores manifiestos o diferencias con los certificados de los fiscales partidarios que justifiquen la apertura de las urnas.<\/p>\n<p>La justicia tambi\u00e9n neg\u00f3 a la vez, la apertura de las urnas en General Alvear, donde se impuso el candidato de <strong>Juntos por el Cambio, Juan Jos\u00e9 Capra,<\/strong> por sobre Aristides Bernab\u00e9 Leinen.<strong> (VW)\u00a0<\/strong><\/p>\n<p><strong>\u00a0<\/strong><\/p>\n","protected":false},"excerpt":{"rendered":"<p>\u00a0La Junta Electoral Nacional no encontr\u00f3 motivos para abrir las urnas en Pinamar, en 25 de Mayo y \u00a0General Alvear, y confirm\u00f3 el triunfo de Juntos por el Cambio en esos municicpios.\u00a0<\/p>\n","protected":false},"author":4,"featured_media":10633,"comment_status":"closed","ping_status":"closed","sticky":false,"template":"","format":"standard","meta":{"_monsterinsights_skip_tracking":false,"_monsterinsights_sitenote_active":false,"_monsterinsights_sitenote_note":"","_monsterinsights_sitenote_category":0,"footnotes":""},"categories":[4],"tags":[5196,5197,5198,781],"class_list":["post-12479","post","type-post","status-publish","format-standard","has-post-thumbnail","hentry","category-politica","tag-pinamar","tag-25-de-mayo-y-general-alvear","tag-junta-electoral-nacional","tag-juntos-por-el-cambio"],"_links":{"self":[{"href":"https:\/\/www.visionweb.com.ar\/index.php?rest_route=\/wp\/v2\/posts\/12479","targetHints":{"allow":["GET"]}}],"collection":[{"href":"https:\/\/www.visionweb.com.ar\/index.php?rest_route=\/wp\/v2\/posts"}],"about":[{"href":"https:\/\/www.visionweb.com.ar\/index.php?rest_route=\/wp\/v2\/types\/post"}],"author":[{"embeddable":true,"href":"https:\/\/www.visionweb.com.ar\/index.php?rest_route=\/wp\/v2\/users\/4"}],"replies":[{"embeddable":true,"href":"https:\/\/www.visionweb.com.ar\/index.php?rest_route=%2Fwp%2Fv2%2Fcomments&post=12479"}],"version-history":[{"count":1,"href":"https:\/\/www.visionweb.com.ar\/index.php?rest_route=\/wp\/v2\/posts\/12479\/revisions"}],"predecessor-version":[{"id":12480,"href":"https:\/\/www.visionweb.com.ar\/index.php?rest_route=\/wp\/v2\/posts\/12479\/revisions\/12480"}],"wp:featuredmedia":[{"embeddable":true,"href":"https:\/\/www.visionweb.com.ar\/index.php?rest_route=\/wp\/v2\/media\/10633"}],"wp:attachment":[{"href":"https:\/\/www.visionweb.com.ar\/index.php?rest_route=%2Fwp%2Fv2%2Fmedia&parent=12479"}],"wp:term":[{"taxonomy":"category","embeddable":true,"href":"https:\/\/www.visionweb.com.ar\/index.php?rest_route=%2Fwp%2Fv2%2Fcategories&post=12479"},{"taxonomy":"post_tag","embeddable":true,"href":"https:\/\/www.visionweb.com.ar\/index.php?rest_route=%2Fwp%2Fv2%2Ftags&post=12479"}],"curies":[{"name":"wp","href":"https:\/\/api.w.org\/{rel}","templated":true}]}}